{"id":38340,"date":"2022-09-02T21:30:54","date_gmt":"2022-09-03T00:30:54","guid":{"rendered":"https:\/\/pinews.com.br\/?p=38340"},"modified":"2022-09-02T21:30:54","modified_gmt":"2022-09-03T00:30:54","slug":"vacinas-contra-covid-vencem-em-picos-por-falta-de-publico-secretaria-faz-alerta","status":"publish","type":"post","link":"https:\/\/pinews.com.br\/index.php\/2022\/09\/02\/vacinas-contra-covid-vencem-em-picos-por-falta-de-publico-secretaria-faz-alerta\/","title":{"rendered":"Vacinas contra covid vencem em Picos por falta de p\u00fablico; secret\u00e1ria faz alerta"},"content":{"rendered":"\n<p>Parte de um lote com 30 mil vacinas contra a Covid-19 venceram no Piau\u00ed. De acordo com a Secretaria de Estado da Sa\u00fade (Sesapi), o imunizante era sobra de outro estado e tinha um prazo de validade reduzido. Uma das cidades afetadas foi Picos onde as doses se perderam devido \u00e0 baixa procura.<\/p>\n\n\n\n<p>&#8220;Quando foi confirmado que as doses poderiam ser aplicadas em crian\u00e7as a partir dos tr\u00eas anos, a expectativa foi grande. Mas houve a demora no envio das doses, os casos de Covid-19 tamb\u00e9m diminu\u00edram e a popula\u00e7\u00e3o tamb\u00e9m n\u00e3o procurou. Isso resultou em algumas perdas, mesmo a gente tendo intensificado a vacina\u00e7\u00e3o em dias seguidos para dar oportunidade aos pais&#8221;, explica Tatiane Gil, secret\u00e1ria municipal de Sa\u00fade em Picos.&nbsp;<\/p>\n\n\n\n<p>Com a perda, o munic\u00edpio est\u00e1 sem doses de Coronavac destinada para crian\u00e7as a partir de 3 anos. Tatiane Gil diz que aguarda a chegada de novas doses para intensificar novamente a campanha.&nbsp;<\/p>\n\n\n\n<p>&#8220;Vamos aguardar uma nova remessa para fazer um cronograma. A partir disso, vamos fazer parcerias com as escolas para divulgar ainda mais essa vacina\u00e7\u00e3o. As pessoas precisam saber da import\u00e2ncia de se completar o esquema vacinal para que essa doen\u00e7a n\u00e3o volte. Os adultos tamb\u00e9m precisar fazer a dose de refor\u00e7o&#8221;, alerta a secret\u00e1ria. O n\u00famero de doses recebidas e aplicadas no munic\u00edpio n\u00e3o foi divulgada.<\/p>\n\n\n\n<p>O lote com o prazo de validade reduzido chegou ao Piau\u00ed no dia 22 de agosto. Para evitar o m\u00e1ximo de perdas, a Sesapi informou, por meio de nota, que as doses foram encaminhadas para os munic\u00edpios mais populosos, que teriam a capacidade de utiliza\u00e7\u00e3o dentro do per\u00edodo estabelecido pelo fabricante. O \u00f3rg\u00e3o garante que nenhum piauiense tomou ou tomar\u00e1 vacinas vencidas.<\/p>\n\n\n\n<p><em>VEJA A NOTA DA SESAPI&nbsp;<\/em><\/p>\n\n\n\n<blockquote class=\"wp-block-quote\"><p>Um lote de 30 mil vacinas, remanejadas de outro estado e encaminhadas ao Piau\u00ed, pelo Minist\u00e9rio da Sa\u00fade, no m\u00eas de agosto, tinha validade at\u00e9 o dia 31 do m\u00eas passado.&nbsp;<\/p><p>Dessa forma, em comum acordo com o Cosems, a Coordena\u00e7\u00e3o de Imuniza\u00e7\u00e3o, fez a distribui\u00e7\u00e3o apenas para os munic\u00edpios mais populosos, que tinham capacidade de utiliza\u00e7\u00e3o dentro do per\u00edodo estabelecido pelo fabricante.&nbsp;<\/p><p>A Sesapi informa que as secretarias municipais tinham ci\u00eancia da data de validade das vacinas e foram orientados a utilizar as doses apenas dentro do prazo determinado.&nbsp;<\/p><p>A Sesapi reitera que nenhum piauiense tomou ou tomar\u00e1 vacinas vencidas.<\/p><p>A Coordena\u00e7\u00e3o de Imuniza\u00e7\u00e3o est\u00e1 fazendo o levantamento das doses n\u00e3o utilizadas. Todas as vacinas vencidas ser\u00e3o recolhidas e devolvidas para o Minist\u00e9rio da Sa\u00fade.<\/p><p>&nbsp;<\/p><\/blockquote>\n\n\n\n<p><strong>Fonte: Graciane Ara\u00fajo\/ Cidade Verde <\/strong><\/p>\n","protected":false},"excerpt":{"rendered":"<p>Parte de um lote com 30 mil vacinas contra a Covid-19 venceram no Piau\u00ed. De acordo com a Secretaria de Estado da Sa\u00fade (Sesapi), o imunizante era sobra de outro estado e tinha um prazo de validade reduzido. Uma das cidades afetadas foi Picos onde as doses se perderam devido \u00e0 baixa procura. &#8220;Quando foi [&hellip;]<\/p>\n","protected":false},"author":1,"featured_media":38341,"comment_status":"open","ping_status":"open","sticky":false,"template":"","format":"standard","meta":{"beyondwords_generate_audio":"","beyondwords_project_id":"","beyondwords_podcast_id":"","beyondwords_hash":"","beyondwords_error_message":"","beyondwords_disabled":"","publish_post_to_speechkit":"","speechkit_generate_audio":"","speechkit_project_id":"","speechkit_podcast_id":"","speechkit_hash":"","speechkit_error_message":"","speechkit_disabled":"","speechkit_access_key":"","speechkit_error":"","speechkit_info":"","speechkit_response":"","speechkit_retries":"","_speechkit_link":"","_speechkit_text":""},"categories":[51,126],"tags":[1403,294,2406,44,46,5682,963,125,59,6034,892,5440,8215],"jetpack_featured_media_url":"","_links":{"self":[{"href":"https:\/\/pinews.com.br\/index.php\/wp-json\/wp\/v2\/posts\/38340"}],"collection":[{"href":"https:\/\/pinews.com.br\/index.php\/wp-json\/wp\/v2\/posts"}],"about":[{"href":"https:\/\/pinews.com.br\/index.php\/wp-json\/wp\/v2\/types\/post"}],"author":[{"embeddable":true,"href":"https:\/\/pinews.com.br\/index.php\/wp-json\/wp\/v2\/users\/1"}],"replies":[{"embeddable":true,"href":"https:\/\/pinews.com.br\/index.php\/wp-json\/wp\/v2\/comments?post=38340"}],"version-history":[{"count":0,"href":"https:\/\/pinews.com.br\/index.php\/wp-json\/wp\/v2\/posts\/38340\/revisions"}],"wp:featuredmedia":[{"embeddable":true,"href":"https:\/\/pinews.com.br\/index.php\/wp-json\/"}],"wp:attachment":[{"href":"https:\/\/pinews.com.br\/index.php\/wp-json\/wp\/v2\/media?parent=38340"}],"wp:term":[{"taxonomy":"category","embeddable":true,"href":"https:\/\/pinews.com.br\/index.php\/wp-json\/wp\/v2\/categories?post=38340"},{"taxonomy":"post_tag","embeddable":true,"href":"https:\/\/pinews.com.br\/index.php\/wp-json\/wp\/v2\/tags?post=38340"}],"curies":[{"name":"wp","href":"https:\/\/api.w.org\/{rel}","templated":true}]}}