{"id":38349,"date":"2022-09-03T11:11:26","date_gmt":"2022-09-03T14:11:26","guid":{"rendered":"https:\/\/pinews.com.br\/?p=38349"},"modified":"2022-09-03T11:11:26","modified_gmt":"2022-09-03T14:11:26","slug":"jovem-morre-apos-colidir-moto-com-cavalo-entre-picos-e-sussuapara","status":"publish","type":"post","link":"https:\/\/pinews.com.br\/index.php\/2022\/09\/03\/jovem-morre-apos-colidir-moto-com-cavalo-entre-picos-e-sussuapara\/","title":{"rendered":"Jovem morre ap\u00f3s colidir moto com cavalo entre Picos e Sussuapara"},"content":{"rendered":"\n<p>Um motociclista identificado como Rafael Guedes de Sousa, de 23 anos, morreu por volta das 04h00 deste s\u00e1bado, 03, ap\u00f3s colidir com um cavalo na PI-238, que liga as cidades de Picos e Sussuapara.<\/p>\n\n\n\n<p>O jovem que morava no povoado Santa Luzia, em Sussuapara, seguia para sua resid\u00eancia em uma motocicleta Honda Pop, quando colidiu com um cavalo no bairro Ipueiras.<\/p>\n\n\n\n<figure class=\"wp-block-image\" id=\"attachment_300614\"><img decoding=\"async\" src=\"https:\/\/i0.wp.com\/infonewss.com\/wp-content\/uploads\/2022\/09\/rafael1.jpg?resize=708%2C624&amp;ssl=1\" alt=\"\" class=\"wp-image-300614\"\/><figcaption>Rafael Guedes de Sousa, 23 anos\/ Foto: Reprodu\u00e7\u00e3o <\/figcaption><\/figure>\n\n\n\n<p>Rafael teve morte no local do acidente. Seu corpo foi encaminhado ao Instituto M\u00e9dico Legal (IML), onde ser\u00e1 periciado e liberado \u00e0 fam\u00edlia.<\/p>\n\n\n\n<p><strong>Fonte: Picos 40 Graus<\/strong><\/p>\n","protected":false},"excerpt":{"rendered":"<p>Um motociclista identificado como Rafael Guedes de Sousa, de 23 anos, morreu por volta das 04h00 deste s\u00e1bado, 03, ap\u00f3s colidir com um cavalo na PI-238, que liga as cidades de Picos e Sussuapara. O jovem que morava no povoado Santa Luzia, em Sussuapara, seguia para sua resid\u00eancia em uma motocicleta Honda Pop, quando colidiu [&hellip;]<\/p>\n","protected":false},"author":1,"featured_media":38350,"comment_status":"open","ping_status":"open","sticky":false,"template":"","format":"standard","meta":{"beyondwords_generate_audio":"","beyondwords_project_id":"","beyondwords_podcast_id":"","beyondwords_hash":"","beyondwords_error_message":"","beyondwords_disabled":"","publish_post_to_speechkit":"","speechkit_generate_audio":"","speechkit_project_id":"","speechkit_podcast_id":"","speechkit_hash":"","speechkit_error_message":"","speechkit_disabled":"","speechkit_access_key":"","speechkit_error":"","speechkit_info":"","speechkit_response":"","speechkit_retries":"","_speechkit_link":"","_speechkit_text":""},"categories":[51,126],"tags":[70,302,300,178,266,119,304,125,1539],"jetpack_featured_media_url":"","_links":{"self":[{"href":"https:\/\/pinews.com.br\/index.php\/wp-json\/wp\/v2\/posts\/38349"}],"collection":[{"href":"https:\/\/pinews.com.br\/index.php\/wp-json\/wp\/v2\/posts"}],"about":[{"href":"https:\/\/pinews.com.br\/index.php\/wp-json\/wp\/v2\/types\/post"}],"author":[{"embeddable":true,"href":"https:\/\/pinews.com.br\/index.php\/wp-json\/wp\/v2\/users\/1"}],"replies":[{"embeddable":true,"href":"https:\/\/pinews.com.br\/index.php\/wp-json\/wp\/v2\/comments?post=38349"}],"version-history":[{"count":0,"href":"https:\/\/pinews.com.br\/index.php\/wp-json\/wp\/v2\/posts\/38349\/revisions"}],"wp:featuredmedia":[{"embeddable":true,"href":"https:\/\/pinews.com.br\/index.php\/wp-json\/"}],"wp:attachment":[{"href":"https:\/\/pinews.com.br\/index.php\/wp-json\/wp\/v2\/media?parent=38349"}],"wp:term":[{"taxonomy":"category","embeddable":true,"href":"https:\/\/pinews.com.br\/index.php\/wp-json\/wp\/v2\/categories?post=38349"},{"taxonomy":"post_tag","embeddable":true,"href":"https:\/\/pinews.com.br\/index.php\/wp-json\/wp\/v2\/tags?post=38349"}],"curies":[{"name":"wp","href":"https:\/\/api.w.org\/{rel}","templated":true}]}}