{"id":384,"date":"2019-07-10T12:14:50","date_gmt":"2019-07-10T15:14:50","guid":{"rendered":"https:\/\/pinews.com.br\/?p=384"},"modified":"2019-07-10T12:14:50","modified_gmt":"2019-07-10T15:14:50","slug":"picos-motorista-apresenta-documento-falso-e-e-preso-pela-prf","status":"publish","type":"post","link":"https:\/\/pinews.com.br\/index.php\/2019\/07\/10\/picos-motorista-apresenta-documento-falso-e-e-preso-pela-prf\/","title":{"rendered":"Picos: Motorista apresenta documento falso e \u00e9 preso pela PRF"},"content":{"rendered":"\n<p>Por <strong>Reda\u00e7\u00e3o PI News<\/strong> &#8211; 10 de Julho de 2019<\/p>\n\n\n\n<p align=\"justify\">A Pol\u00edcia Rodovi\u00e1ria Federal (PRF) prendeu um motorista de 51 anos de idade por uso de documento falso, em Picos. O documento do ve\u00edculo foi comprado em Teresina e adulterado, porque o caminh\u00e3o estava impossibilitado de ser licenciado por d\u00e9bitos de multas de tr\u00e2nsito. Dessa forma o homem apresentava o documento falso para ludibriar a fiscaliza\u00e7\u00e3o.<\/p>\n\n\n\n<p align=\"justify\">A abordagem a carreta aconteceu nesta ter\u00e7a-feira, 09. Os da PRF solicitaram os documentos ao motorista, ele apresentou um CRLV que, quando foi consultado pelos policiais, verificou-se que fazia parte da lista de Documentos Extraviados do Detran.<\/p>\n\n\n\n<figure class=\"wp-block-image\"><img decoding=\"async\" src=\"http:\/\/www.picos40graus.com.br\/userfiles\/images\/WhatsApp%20Image%202019-07-10%20at%2008_27_48.jpeg\" alt=\"\"\/><\/figure>\n\n\n\n<p>O caminh\u00e3o-trator n\u00e3o era licenciado desde 2016.<\/p>\n\n\n\n<p align=\"justify\">Diante dos fatos, o motorista foi preso em flagrante e, juntamente com o caminh\u00e3o, foram conduzidos \u00e0 Delegacia de Pol\u00edcia Civil para o registro do crime de uso de documento falso, que tem uma pena m\u00e1xima de seis anos de pris\u00e3o.<\/p>\n\n\n\n<p><strong>Fonte: Picos 40 Graus<\/strong><\/p>\n\n\n\n<figure class=\"wp-block-image\"><img decoding=\"async\" src=\"https:\/\/pinews.com.br\/wp-content\/uploads\/2019\/07\/banner-ramon-cds.jpg\" alt=\"\" class=\"wp-image-218\"\/><\/figure>\n","protected":false},"excerpt":{"rendered":"<p>Por Reda\u00e7\u00e3o PI News &#8211; 10 de Julho de 2019 A Pol\u00edcia Rodovi\u00e1ria Federal (PRF) prendeu um motorista de 51 anos de idade por uso de documento falso, em Picos. O documento do ve\u00edculo foi comprado em Teresina e adulterado, porque o caminh\u00e3o estava impossibilitado de ser licenciado por d\u00e9bitos de multas de tr\u00e2nsito. Dessa [&hellip;]<\/p>\n","protected":false},"author":1,"featured_media":385,"comment_status":"open","ping_status":"open","sticky":false,"template":"","format":"standard","meta":{"beyondwords_generate_audio":"","beyondwords_project_id":"","beyondwords_podcast_id":"","beyondwords_hash":"","beyondwords_error_message":"","beyondwords_disabled":"","publish_post_to_speechkit":"","speechkit_generate_audio":"","speechkit_project_id":"","speechkit_podcast_id":"","speechkit_hash":"","speechkit_error_message":"","speechkit_disabled":"","speechkit_access_key":"","speechkit_error":"","speechkit_info":"","speechkit_response":"","speechkit_retries":"","_speechkit_link":"","_speechkit_text":""},"categories":[1184,124,51,126,78],"tags":[52,125,104],"jetpack_featured_media_url":"","_links":{"self":[{"href":"https:\/\/pinews.com.br\/index.php\/wp-json\/wp\/v2\/posts\/384"}],"collection":[{"href":"https:\/\/pinews.com.br\/index.php\/wp-json\/wp\/v2\/posts"}],"about":[{"href":"https:\/\/pinews.com.br\/index.php\/wp-json\/wp\/v2\/types\/post"}],"author":[{"embeddable":true,"href":"https:\/\/pinews.com.br\/index.php\/wp-json\/wp\/v2\/users\/1"}],"replies":[{"embeddable":true,"href":"https:\/\/pinews.com.br\/index.php\/wp-json\/wp\/v2\/comments?post=384"}],"version-history":[{"count":0,"href":"https:\/\/pinews.com.br\/index.php\/wp-json\/wp\/v2\/posts\/384\/revisions"}],"wp:featuredmedia":[{"embeddable":true,"href":"https:\/\/pinews.com.br\/index.php\/wp-json\/"}],"wp:attachment":[{"href":"https:\/\/pinews.com.br\/index.php\/wp-json\/wp\/v2\/media?parent=384"}],"wp:term":[{"taxonomy":"category","embeddable":true,"href":"https:\/\/pinews.com.br\/index.php\/wp-json\/wp\/v2\/categories?post=384"},{"taxonomy":"post_tag","embeddable":true,"href":"https:\/\/pinews.com.br\/index.php\/wp-json\/wp\/v2\/tags?post=384"}],"curies":[{"name":"wp","href":"https:\/\/api.w.org\/{rel}","templated":true}]}}