{"id":38424,"date":"2022-09-05T21:09:33","date_gmt":"2022-09-06T00:09:33","guid":{"rendered":"https:\/\/pinews.com.br\/?p=38424"},"modified":"2022-09-05T21:09:33","modified_gmt":"2022-09-06T00:09:33","slug":"pericia-vai-apontar-se-idosa-foi-morta-queimada-e-enterrada-no-quintal-de-casa-no-piaui","status":"publish","type":"post","link":"https:\/\/pinews.com.br\/index.php\/2022\/09\/05\/pericia-vai-apontar-se-idosa-foi-morta-queimada-e-enterrada-no-quintal-de-casa-no-piaui\/","title":{"rendered":"Per\u00edcia vai apontar se idosa foi morta, queimada e enterrada no quintal de casa no Piau\u00ed"},"content":{"rendered":"\n<p>O desaparecimento de uma idosa na localidade Flor do Campo, zona Rural do munic\u00edpio de Barras ( a 119 km de Teresina), tem mobilizado familiares, vizinhos e a pol\u00edcia. Maria dos Reis Cala\u00e7a, conhecida com Parucha, de aproximadamente 70 anos, sumiu h\u00e1 cerca de duas semanas. Neste domingo (4) foram encontrados ossos, parte de uma dentadura e roupas que levam a crer que a senhora teria sido morta queimada e enterrada no quintal de casa.&nbsp;<\/p>\n\n\n\n<p>De acordo com um parente pr\u00f3ximo- que prefere n\u00e3o se identificar- ao lado da casa da idosa foram encontrados fios de cabelo, ossos, parte de uma dentadura e peda\u00e7os de roupa e de uma rede queimados.&nbsp;<\/p>\n\n\n\n<figure class=\"wp-block-image\"><img decoding=\"async\" src=\"https:\/\/cidadeverde.com\/assets\/uploads\/noticias\/36f725e5fc155a885b02410c062ee89d.jpg\" alt=\"\"\/><figcaption>Foto enviada ao Cidadeverde.com<\/figcaption><\/figure>\n\n\n\n<p>&#8220;A gente j\u00e1 tinha visto algo queimado ao lado da casa dela, mas imagin\u00e1vamos que seria ela mesmo que teria queimado algum bagulho. S\u00f3 \u00f3ntem quando os pr\u00f3prios populares acharam ossos, cabelo, roupa e outras coisas, todos queimados, come\u00e7amos a entender o que pode ter acontecido&#8221;, disse a familiar.&nbsp;<\/p>\n\n\n\n<p>Ela contou ao Cidadeverde.com que na casa da idosa havia manchas de sangue e que tamb\u00e9m recolhido um peda\u00e7o de madeira ensanguentado. Todo material recolhido foi encaminhado para ser periciado.  <\/p>\n\n\n\n<p><strong>SUSPEITO<\/strong><\/p>\n\n\n\n<p>Parucha tinha dois filhos e morava com o mais novo, identificado como Ramualodo Carvalho, que tem problemas mentais. Familiares acreditam que ele teria matado a pr\u00f3pria m\u00e3e.&nbsp;<\/p>\n\n\n\n<p>&#8220;O sumi\u00e7o foi percebido pelo filho dela mais velho que foi \u00e0 casa duas vezes e n\u00e3o a encontrou. O Ramualdo tamb\u00e9m tinha desaparecido e s\u00f3 voltou na semana passada, mas quando viu que tinha gente na casa, saiu correndo&#8221;, relatou a familiar.&nbsp;<\/p>\n\n\n\n<p>Ela disse ainda que Ramualdo- que j\u00e1 teria tentado matar o pr\u00f3prio pai durante uma crise- foi levado por policiais ao hospital psiqui\u00e1trico Hospital Areolino de Abreu, em Teresina. &#8220;Ele continua l\u00e1 e n\u00e3o falou nada. S\u00f3 coloca a m\u00e3o no rosto. N\u00e3o sabemos o que aconteceu, mas depois do que encontramos, achamos que ela est\u00e1 morta&#8221;, disse a familiar.&nbsp;<\/p>\n\n\n\n<p>Ela conta que, costumeiramente, Parucha levava o filho ao hospital psiqui\u00e1trico e que &#8220;dava a vida pelo filho&#8221;.&nbsp; &#8220;T\u00e1 todo mundo apreensivo, tenso, com essa poss\u00edvel barbaridade. A gente nunca imagina que isso vai acontecer com algu\u00e9m&nbsp; pr\u00f3ximo, pensa que \u00e9 s\u00f3 coisa de gente grande&#8221;, desabafa a familiar.&nbsp;<\/p>\n\n\n\n<p>O Cidadeverde.com tentou contato com a Pol\u00edcia Civil, mas n\u00e3o obteve retorno.   <\/p>\n\n\n\n<figure class=\"wp-block-image\"><img decoding=\"async\" src=\"https:\/\/cidadeverde.com\/assets\/uploads\/noticias\/f46d268966056f6db821597cd88e120c.jpg\" alt=\"\"\/><figcaption>Foto: Longah.com<\/figcaption><\/figure>\n\n\n\n<p><strong>Fonte: Graciane Ara\u00fajo\/ Cidade Verde <\/strong><\/p>\n","protected":false},"excerpt":{"rendered":"<p>O desaparecimento de uma idosa na localidade Flor do Campo, zona Rural do munic\u00edpio de Barras ( a 119 km de Teresina), tem mobilizado familiares, vizinhos e a pol\u00edcia. Maria dos Reis Cala\u00e7a, conhecida com Parucha, de aproximadamente 70 anos, sumiu h\u00e1 cerca de duas semanas. Neste domingo (4) foram encontrados ossos, parte de uma [&hellip;]<\/p>\n","protected":false},"author":1,"featured_media":38425,"comment_status":"open","ping_status":"open","sticky":false,"template":"","format":"standard","meta":{"beyondwords_generate_audio":"","beyondwords_project_id":"","beyondwords_podcast_id":"","beyondwords_hash":"","beyondwords_error_message":"","beyondwords_disabled":"","publish_post_to_speechkit":"","speechkit_generate_audio":"","speechkit_project_id":"","speechkit_podcast_id":"","speechkit_hash":"","speechkit_error_message":"","speechkit_disabled":"","speechkit_access_key":"","speechkit_error":"","speechkit_info":"","speechkit_response":"","speechkit_retries":"","_speechkit_link":"","_speechkit_text":""},"categories":[51,78],"tags":[10731,149,44,626,1066,340,481,5569,52,281,1988,129,1089],"jetpack_featured_media_url":"","_links":{"self":[{"href":"https:\/\/pinews.com.br\/index.php\/wp-json\/wp\/v2\/posts\/38424"}],"collection":[{"href":"https:\/\/pinews.com.br\/index.php\/wp-json\/wp\/v2\/posts"}],"about":[{"href":"https:\/\/pinews.com.br\/index.php\/wp-json\/wp\/v2\/types\/post"}],"author":[{"embeddable":true,"href":"https:\/\/pinews.com.br\/index.php\/wp-json\/wp\/v2\/users\/1"}],"replies":[{"embeddable":true,"href":"https:\/\/pinews.com.br\/index.php\/wp-json\/wp\/v2\/comments?post=38424"}],"version-history":[{"count":0,"href":"https:\/\/pinews.com.br\/index.php\/wp-json\/wp\/v2\/posts\/38424\/revisions"}],"wp:featuredmedia":[{"embeddable":true,"href":"https:\/\/pinews.com.br\/index.php\/wp-json\/"}],"wp:attachment":[{"href":"https:\/\/pinews.com.br\/index.php\/wp-json\/wp\/v2\/media?parent=38424"}],"wp:term":[{"taxonomy":"category","embeddable":true,"href":"https:\/\/pinews.com.br\/index.php\/wp-json\/wp\/v2\/categories?post=38424"},{"taxonomy":"post_tag","embeddable":true,"href":"https:\/\/pinews.com.br\/index.php\/wp-json\/wp\/v2\/tags?post=38424"}],"curies":[{"name":"wp","href":"https:\/\/api.w.org\/{rel}","templated":true}]}}