{"id":38433,"date":"2022-09-06T11:28:38","date_gmt":"2022-09-06T14:28:38","guid":{"rendered":"https:\/\/pinews.com.br\/?p=38433"},"modified":"2022-09-06T11:28:38","modified_gmt":"2022-09-06T14:28:38","slug":"helicoptero-reforcara-combate-a-incendios-e-seguranca-nas-eleicoes-no-piaui","status":"publish","type":"post","link":"https:\/\/pinews.com.br\/index.php\/2022\/09\/06\/helicoptero-reforcara-combate-a-incendios-e-seguranca-nas-eleicoes-no-piaui\/","title":{"rendered":"Helic\u00f3ptero refor\u00e7ar\u00e1 combate a inc\u00eandios e seguran\u00e7a nas elei\u00e7\u00f5es no Piau\u00ed"},"content":{"rendered":"\n<p>O Governo do Estado oficializou nesta ter\u00e7a-feira (06) a entrega de um helic\u00f3ptero, modelo&nbsp; Esquilo AS 350 B3, para refor\u00e7ar o combate \u00e0s queimadas no per\u00edodo do B-R-O-BR\u00d3 e a seguran\u00e7a da elei\u00e7\u00f5es no m\u00eas de outubro. O contrato de loca\u00e7\u00e3o foi firmado no valor de R$ 5 milh\u00f5es, pelo per\u00edodo de 12 meses.&nbsp;<\/p>\n\n\n\n<p>De acordo com o comandante da Pol\u00edcia Militar, coronel Scheiwann Lopes, a aeronave tem autonomia de mais de 3 horas de voo e pode percorrer at\u00e9 600 km. Segundo ele, o contrato de loca\u00e7\u00e3o ter\u00e1 validade de um ano e foi necess\u00e1rio pois a aeronave da PM est\u00e1 passando por um processo de revis\u00e3o e ficar\u00e1 inativa durante seis meses.&nbsp;<\/p>\n\n\n\n<p>\u201c\u00c9 uma aeronave que veio em boa hora, tendo em vista que a nossa nave pr\u00f3pria est\u00e1 em fase de licita\u00e7\u00e3o para fazer uma revis\u00e3o que dura seis meses. Conseguimos essa aeronave locada, pois nessa \u00e9poca h\u00e1 muitas queimadas, \u00e9 um per\u00edodo eleitoral e precisa tamb\u00e9m da aten\u00e7\u00e3o da pol\u00edcia\u201d, afirmou o comandante.&nbsp;<\/p>\n\n\n\n<p>Scheiwann Lopes tamb\u00e9m acrescentou que a Governo do Estado est\u00e1 refor\u00e7ando a PM-PI com pelo menos R$ 400 mil em coletes, armas e algemas, que foram entregues durante solenidade nesta manh\u00e3.&nbsp; Ele ainda adiantou que o helic\u00f3ptero ter\u00e1 uma atua\u00e7\u00e3o integrada, al\u00e9m do refor\u00e7o na seguran\u00e7a.&nbsp;<\/p>\n\n\n\n<p>\u201cEla vai refor\u00e7ar todo um sistema integrado, pois \u00e9 uma aeronave multimiss\u00e3o, poder\u00e1 ser usada na Defesa Civil, no Corpo de Bombeiros, pois pode comportar at\u00e9 1 mil litros de \u00e1gua, ele vai operar com a Secretaria de Meio Ambiente, desmatamento, ro\u00e7as de maconha, no combate de assalto a bancos, quando est\u00e1 al\u00e7ando voo, um helic\u00f3ptero faz o trabalho de 25 viaturas, com seu campo de vis\u00e3o\u201d, avaliou. <\/p>\n\n\n\n<p>O secret\u00e1rio de Governo, Ant\u00f4nio Neto, pontuou que o objetivo \u00e9 dar apoio \u00e0 seguran\u00e7a dos munic\u00edpios do estado.&nbsp;<\/p>\n\n\n\n<p>\u201cVai conter um pouco, ajudando no apoio as principais regi\u00f5es, na parte referente as elei\u00e7\u00f5es, precisamos de um instrumento que tenha uma habilidade mais r\u00e1pida, \u00e9 uma aquisi\u00e7\u00e3o importante que ajudar\u00e1 muito\u201d, frisou o gestor.&nbsp;<\/p>\n\n\n\n<p><strong>Fonte: Paula Sampaio\/ Cidade Verde <\/strong><\/p>\n","protected":false},"excerpt":{"rendered":"<p>O Governo do Estado oficializou nesta ter\u00e7a-feira (06) a entrega de um helic\u00f3ptero, modelo&nbsp; Esquilo AS 350 B3, para refor\u00e7ar o combate \u00e0s queimadas no per\u00edodo do B-R-O-BR\u00d3 e a seguran\u00e7a da elei\u00e7\u00f5es no m\u00eas de outubro. O contrato de loca\u00e7\u00e3o foi firmado no valor de R$ 5 milh\u00f5es, pelo per\u00edodo de 12 meses.&nbsp; De [&hellip;]<\/p>\n","protected":false},"author":1,"featured_media":38434,"comment_status":"open","ping_status":"open","sticky":false,"template":"","format":"standard","meta":{"beyondwords_generate_audio":"","beyondwords_project_id":"","beyondwords_podcast_id":"","beyondwords_hash":"","beyondwords_error_message":"","beyondwords_disabled":"","publish_post_to_speechkit":"","speechkit_generate_audio":"","speechkit_project_id":"","speechkit_podcast_id":"","speechkit_hash":"","speechkit_error_message":"","speechkit_disabled":"","speechkit_access_key":"","speechkit_error":"","speechkit_info":"","speechkit_response":"","speechkit_retries":"","_speechkit_link":"","_speechkit_text":""},"categories":[51],"tags":[5621,1222,9084,5623,826,52,9045,2851],"jetpack_featured_media_url":"","_links":{"self":[{"href":"https:\/\/pinews.com.br\/index.php\/wp-json\/wp\/v2\/posts\/38433"}],"collection":[{"href":"https:\/\/pinews.com.br\/index.php\/wp-json\/wp\/v2\/posts"}],"about":[{"href":"https:\/\/pinews.com.br\/index.php\/wp-json\/wp\/v2\/types\/post"}],"author":[{"embeddable":true,"href":"https:\/\/pinews.com.br\/index.php\/wp-json\/wp\/v2\/users\/1"}],"replies":[{"embeddable":true,"href":"https:\/\/pinews.com.br\/index.php\/wp-json\/wp\/v2\/comments?post=38433"}],"version-history":[{"count":0,"href":"https:\/\/pinews.com.br\/index.php\/wp-json\/wp\/v2\/posts\/38433\/revisions"}],"wp:featuredmedia":[{"embeddable":true,"href":"https:\/\/pinews.com.br\/index.php\/wp-json\/"}],"wp:attachment":[{"href":"https:\/\/pinews.com.br\/index.php\/wp-json\/wp\/v2\/media?parent=38433"}],"wp:term":[{"taxonomy":"category","embeddable":true,"href":"https:\/\/pinews.com.br\/index.php\/wp-json\/wp\/v2\/categories?post=38433"},{"taxonomy":"post_tag","embeddable":true,"href":"https:\/\/pinews.com.br\/index.php\/wp-json\/wp\/v2\/tags?post=38433"}],"curies":[{"name":"wp","href":"https:\/\/api.w.org\/{rel}","templated":true}]}}