{"id":38508,"date":"2022-09-08T11:23:18","date_gmt":"2022-09-08T14:23:18","guid":{"rendered":"https:\/\/pinews.com.br\/?p=38508"},"modified":"2022-09-08T11:23:18","modified_gmt":"2022-09-08T14:23:18","slug":"jovens-sao-presos-e-adolescente-apreendido-suspeitos-de-matar-rapaz-a-pauladas-furar-olhos-e-incendiar-corpo-no-piaui","status":"publish","type":"post","link":"https:\/\/pinews.com.br\/index.php\/2022\/09\/08\/jovens-sao-presos-e-adolescente-apreendido-suspeitos-de-matar-rapaz-a-pauladas-furar-olhos-e-incendiar-corpo-no-piaui\/","title":{"rendered":"Jovens s\u00e3o presos e adolescente apreendido suspeitos de matar rapaz a pauladas, furar olhos e incendiar corpo no Piau\u00ed"},"content":{"rendered":"\n<p>Dois jovens foram presos e um adolescente foi apreendido suspeitos da morte de Natael de Lima, de 19 anos, assassinado a pauladas e golpes de foice em 20 de agosto de 2022. O rapaz teve parte do corpo queimado e sofreu les\u00f5es nos olhos.<\/p>\n\n\n\n<p>As pris\u00f5es aconteceram nesta quinta-feira (8), em Jos\u00e9 de Freitas. Os dois suspeitos t\u00eam 21 e 24 anos, e o adolescente tem 17 anos. Os nomes deles n\u00e3o foram divulgados pela Pol\u00edcia Civil.<\/p>\n\n\n\n<p>Natael foi assassinado dentro da casa onde morava, no bairro Bom Princ\u00edpio, no munic\u00edpio de Jos\u00e9 de Freitas. Segundo a investiga\u00e7\u00e3o, ele foi morto a pauladas e golpes de foice. Depois, os criminosos atearam fogo ao corpo.<\/p>\n\n\n\n<p>Natael teve ainda os olhos perfurados. Um exame pericial a ser realizado pelo Instituto M\u00e9dico Legal (IML) deve verificar se as les\u00f5es aconteceram antes ou depois da morte dele.<\/p>\n\n\n\n<p>Tamb\u00e9m nesta quinta-feira (8) os policiais fizeram buscas em dois endere\u00e7os ligados aos suspeitos. O delegado Andr\u00e9 Moreno, da Delegacia de Jos\u00e9 de Freitas, a investiga\u00e7\u00e3o busca agora definir a participa\u00e7\u00e3o de cada suspeito e como aconteceu o crime.<\/p>\n\n\n\n<p>&#8220;Aparentemente foi um crime premeditado, e temos provas da participa\u00e7\u00e3o de cada um deles, mas vamos ainda fazer um aprofundamento nessa investiga\u00e7\u00e3o. Algumas dilig\u00eancias v\u00e3o nos dar certeza absoluta de todos os contornos da a\u00e7\u00e3o&#8221;, explicou o delegado.<\/p>\n\n\n\n<p>O inqu\u00e9rito policial ainda deve ser conclu\u00eddo e enviado \u00e0 Justi\u00e7a. Os suspeitos devem responder por homic\u00eddio qualificado e oculta\u00e7\u00e3o de cad\u00e1ver.<\/p>\n\n\n\n<p><strong>Fonte: G1 Pl <\/strong><\/p>\n","protected":false},"excerpt":{"rendered":"<p>Dois jovens foram presos e um adolescente foi apreendido suspeitos da morte de Natael de Lima, de 19 anos, assassinado a pauladas e golpes de foice em 20 de agosto de 2022. O rapaz teve parte do corpo queimado e sofreu les\u00f5es nos olhos. As pris\u00f5es aconteceram nesta quinta-feira (8), em Jos\u00e9 de Freitas. Os [&hellip;]<\/p>\n","protected":false},"author":1,"featured_media":38509,"comment_status":"open","ping_status":"open","sticky":false,"template":"","format":"standard","meta":{"beyondwords_generate_audio":"","beyondwords_project_id":"","beyondwords_podcast_id":"","beyondwords_hash":"","beyondwords_error_message":"","beyondwords_disabled":"","publish_post_to_speechkit":"","speechkit_generate_audio":"","speechkit_project_id":"","speechkit_podcast_id":"","speechkit_hash":"","speechkit_error_message":"","speechkit_disabled":"","speechkit_access_key":"","speechkit_error":"","speechkit_info":"","speechkit_response":"","speechkit_retries":"","_speechkit_link":"","_speechkit_text":""},"categories":[51,78],"tags":[177,1117,55,44,10739,8392,542,85,7991,318,52,600,5930,362,497],"jetpack_featured_media_url":"","_links":{"self":[{"href":"https:\/\/pinews.com.br\/index.php\/wp-json\/wp\/v2\/posts\/38508"}],"collection":[{"href":"https:\/\/pinews.com.br\/index.php\/wp-json\/wp\/v2\/posts"}],"about":[{"href":"https:\/\/pinews.com.br\/index.php\/wp-json\/wp\/v2\/types\/post"}],"author":[{"embeddable":true,"href":"https:\/\/pinews.com.br\/index.php\/wp-json\/wp\/v2\/users\/1"}],"replies":[{"embeddable":true,"href":"https:\/\/pinews.com.br\/index.php\/wp-json\/wp\/v2\/comments?post=38508"}],"version-history":[{"count":0,"href":"https:\/\/pinews.com.br\/index.php\/wp-json\/wp\/v2\/posts\/38508\/revisions"}],"wp:featuredmedia":[{"embeddable":true,"href":"https:\/\/pinews.com.br\/index.php\/wp-json\/"}],"wp:attachment":[{"href":"https:\/\/pinews.com.br\/index.php\/wp-json\/wp\/v2\/media?parent=38508"}],"wp:term":[{"taxonomy":"category","embeddable":true,"href":"https:\/\/pinews.com.br\/index.php\/wp-json\/wp\/v2\/categories?post=38508"},{"taxonomy":"post_tag","embeddable":true,"href":"https:\/\/pinews.com.br\/index.php\/wp-json\/wp\/v2\/tags?post=38508"}],"curies":[{"name":"wp","href":"https:\/\/api.w.org\/{rel}","templated":true}]}}