{"id":38599,"date":"2022-09-11T17:22:39","date_gmt":"2022-09-11T20:22:39","guid":{"rendered":"https:\/\/pinews.com.br\/?p=38599"},"modified":"2022-09-11T17:22:39","modified_gmt":"2022-09-11T20:22:39","slug":"menina-de-11-anos-que-teve-aborto-negado-no-piaui-e-estuprada-pela-segunda-vez-e-esta-gravida","status":"publish","type":"post","link":"https:\/\/pinews.com.br\/index.php\/2022\/09\/11\/menina-de-11-anos-que-teve-aborto-negado-no-piaui-e-estuprada-pela-segunda-vez-e-esta-gravida\/","title":{"rendered":"Menina de 11 anos que teve aborto negado no Piau\u00ed \u00e9 estuprada pela segunda vez e est\u00e1 gr\u00e1vida"},"content":{"rendered":"\n<p>Um ano depois de dar \u00e0 luz, ap\u00f3s ser v\u00edtima de estupro e ter o aborto negado, uma menina de 11 anos moradora da zona rural de Teresina foi novamente violentada sexualmente e est\u00e1 gr\u00e1vida pela segunda vez.<\/p>\n\n\n\n<p>Exame realizado na sexta-feira (9) no Servi\u00e7o de Atendimento \u00e0s Mulheres V\u00edtimas de Viol\u00eancia, da Maternidade Dona Evangelina Rosa, em Teresina, constatou que a menina est\u00e1 gr\u00e1vida de tr\u00eas meses.<\/p>\n\n\n\n<p>Ela tinha dez anos quando engravidou ap\u00f3s ser estuprada em um matagal por um primo de 25 anos, em janeiro de 2021.<\/p>\n\n\n\n<p>A menina prosseguiu com a gesta\u00e7\u00e3o e deu \u00e0 luz em setembro do mesmo ano. A m\u00e3e, uma dona de casa de 29 anos, n\u00e3o autorizou o aborto da filha e afirmou que o m\u00e9dico afirmara que a menina apontara risco de morte no procedimento.<\/p>\n\n\n\n<p>A lei brasileira permite o aborto nos casos de estupro e risco de morte para a gestante, e uma decis\u00e3o da Justi\u00e7a estendeu o aval para casos de anencefalia do feto.<\/p>\n\n\n\n<p>A menina tamb\u00e9m decidiu n\u00e3o realizar o aborto \u2014na \u00e9poca, ela estava com quase dois meses de gesta\u00e7\u00e3o. O primo que a estuprou foi assassinado pouco tempo depois por motivos que a fam\u00edlia diz desconhecer.<\/p>\n\n\n\n<p>Desde que o filho nasceu, a menina abandonou a escola, se nega a ter tratamento psicol\u00f3gico e vive um conflito com os pais.<\/p>\n\n\n\n<p>H\u00e1 cerca de um m\u00eas, passou a viver em um abrigo em Teresina e educadores do local desconfiaram de que ela estaria novamente gr\u00e1vida.<\/p>\n\n\n\n<p>&#8220;Ela estava sem menstruar, arredia e com comportamentos suspeitos. Levamos na maternidade para fazer exame e foi constatado que ela est\u00e1 gr\u00e1vida de tr\u00eas meses. Foi um susto, um choque&#8221;, disse a conselheira tutelar Renata Bezerra, do n\u00facleo da zona sudeste de Teresina, que acompanha o caso.<\/p>\n\n\n\n<p>Segundo a conselheira, o pai defendeu que a menina fizesse um aborto legal, mas a m\u00e3e n\u00e3o autorizou. Por isso a interrup\u00e7\u00e3o da gravidez n\u00e3o foi realizada na maternidade Dona Evangelina Rosa.<\/p>\n\n\n\n<figure class=\"wp-block-image\"><img decoding=\"async\" src=\"https:\/\/cidadeverde.com\/assets\/uploads\/noticias\/d70bc19a73ab5ec2976e2ca3ec756383.jpg\" alt=\"\"\/><\/figure>\n\n\n\n<p>&#8220;A menina j\u00e1 vive um trauma da primeira gravidez, n\u00e3o tem condi\u00e7\u00f5es de cuidar de mais uma crian\u00e7a. Ela est\u00e1 sem dormir, perdendo sua inf\u00e2ncia. Mas a m\u00e3e n\u00e3o autorizou o aborto&#8221;, disse Renata Bezerra.<\/p>\n\n\n\n<p>A m\u00e3e da menina disse que soube h\u00e1 uma semana que a menina foi violentada por um tio.<\/p>\n\n\n\n<p>&#8220;Fiquei sem ch\u00e3o quando soube, indignada. Ela estava morando com o pai, na casa da av\u00f3, e o tio que a estuprou estava dormindo no mesmo quarto que ela&#8221;, disse a m\u00e3e. Ela ainda afirmou que n\u00e3o autorizou a interrup\u00e7\u00e3o da gesta\u00e7\u00e3o porque &#8220;aborto \u00e9 crime&#8221;.<\/p>\n\n\n\n<p>O primeiro filho da menina est\u00e1 sob os cuidados do av\u00f4. Segundo a conselheira tutelar, ele solicitou uma cesta b\u00e1sica para poder alimentar o neto, pois est\u00e1 desempregado e mora com mais cinco pessoas.<\/p>\n\n\n\n<p>O estupro est\u00e1 sendo investigado pela Delegacia de Prote\u00e7\u00e3o \u00e0 Crian\u00e7a e ao Adolescente (DPCA). O suspeito do crime continua solto, segundo familiares.<\/p>\n\n\n\n<p>A \u00fanica renda fixa da m\u00e3e, que est\u00e1 desempregada, s\u00e3o os R$ 600 do Aux\u00edlio Brasil.<\/p>\n\n\n\n<p>O gerente de Direitos Humanos da Secretaria de Assist\u00eancia Social de Teresina, Andr\u00e9 Santos, informou que est\u00e1 acompanhando o caso e colocou a assessoria jur\u00eddica \u00e0 disposi\u00e7\u00e3o da fam\u00edlia.&nbsp;<\/p>\n\n\n\n<p><strong>Fonte: Yala Sena\/ Cidade Verde <\/strong><\/p>\n","protected":false},"excerpt":{"rendered":"<p>Um ano depois de dar \u00e0 luz, ap\u00f3s ser v\u00edtima de estupro e ter o aborto negado, uma menina de 11 anos moradora da zona rural de Teresina foi novamente violentada sexualmente e est\u00e1 gr\u00e1vida pela segunda vez. Exame realizado na sexta-feira (9) no Servi\u00e7o de Atendimento \u00e0s Mulheres V\u00edtimas de Viol\u00eancia, da Maternidade Dona [&hellip;]<\/p>\n","protected":false},"author":1,"featured_media":38600,"comment_status":"open","ping_status":"open","sticky":false,"template":"","format":"standard","meta":{"beyondwords_generate_audio":"","beyondwords_project_id":"","beyondwords_podcast_id":"","beyondwords_hash":"","beyondwords_error_message":"","beyondwords_disabled":"","publish_post_to_speechkit":"","speechkit_generate_audio":"","speechkit_project_id":"","speechkit_podcast_id":"","speechkit_hash":"","speechkit_error_message":"","speechkit_disabled":"","speechkit_access_key":"","speechkit_error":"","speechkit_info":"","speechkit_response":"","speechkit_retries":"","_speechkit_link":"","_speechkit_text":""},"categories":[51],"tags":[3631,8190,82,44,72,5717,5554,585,1207,1927,103,52,5589,8080,6198],"jetpack_featured_media_url":"","_links":{"self":[{"href":"https:\/\/pinews.com.br\/index.php\/wp-json\/wp\/v2\/posts\/38599"}],"collection":[{"href":"https:\/\/pinews.com.br\/index.php\/wp-json\/wp\/v2\/posts"}],"about":[{"href":"https:\/\/pinews.com.br\/index.php\/wp-json\/wp\/v2\/types\/post"}],"author":[{"embeddable":true,"href":"https:\/\/pinews.com.br\/index.php\/wp-json\/wp\/v2\/users\/1"}],"replies":[{"embeddable":true,"href":"https:\/\/pinews.com.br\/index.php\/wp-json\/wp\/v2\/comments?post=38599"}],"version-history":[{"count":0,"href":"https:\/\/pinews.com.br\/index.php\/wp-json\/wp\/v2\/posts\/38599\/revisions"}],"wp:featuredmedia":[{"embeddable":true,"href":"https:\/\/pinews.com.br\/index.php\/wp-json\/"}],"wp:attachment":[{"href":"https:\/\/pinews.com.br\/index.php\/wp-json\/wp\/v2\/media?parent=38599"}],"wp:term":[{"taxonomy":"category","embeddable":true,"href":"https:\/\/pinews.com.br\/index.php\/wp-json\/wp\/v2\/categories?post=38599"},{"taxonomy":"post_tag","embeddable":true,"href":"https:\/\/pinews.com.br\/index.php\/wp-json\/wp\/v2\/tags?post=38599"}],"curies":[{"name":"wp","href":"https:\/\/api.w.org\/{rel}","templated":true}]}}