{"id":38617,"date":"2022-09-12T11:20:55","date_gmt":"2022-09-12T14:20:55","guid":{"rendered":"https:\/\/pinews.com.br\/?p=38617"},"modified":"2022-09-12T11:20:55","modified_gmt":"2022-09-12T14:20:55","slug":"motorista-sofre-queimaduras-apos-colidir-carro-em-poste-e-veiculo-incendiar-no-piaui","status":"publish","type":"post","link":"https:\/\/pinews.com.br\/index.php\/2022\/09\/12\/motorista-sofre-queimaduras-apos-colidir-carro-em-poste-e-veiculo-incendiar-no-piaui\/","title":{"rendered":"Motorista sofre queimaduras ap\u00f3s colidir carro em poste e ve\u00edculo incendiar no Piau\u00ed"},"content":{"rendered":"\n<p>Um homem ficou gravemente ferido ap\u00f3s colidir um ve\u00edculo em um poste e o carro incendiar na Avenida Josu\u00e9 de Moura Santos, na zona Norte de Teresina, na noite de domingo (11).<\/p>\n\n\n\n<p>O acidente aconteceu ap\u00f3s o motorista perder o controle do ve\u00edculo e colidir em um poste de ilumina\u00e7\u00e3o p\u00fablica, que acabou caindo em cima do ve\u00edculo.&nbsp;<\/p>\n\n\n\n<p>Com a colis\u00e3o o carro foi incendiado, e o motorista teve o corpo parcialmente queimado. Ele conseguiu sair com vida do ve\u00edculo, mas ficou gravemente ferido. O poste acabou caindo em parte da Avenida Josu\u00e9 de Moura Santos, o que acabou prejudicando o tr\u00e2nsito na regi\u00e3o.<\/p>\n\n\n\n<figure class=\"wp-block-image is-resized\"><img decoding=\"async\" loading=\"lazy\" src=\"https:\/\/cidadeverde.com\/assets\/uploads\/noticias\/056d06e33dd3af55a20277e2020aca6f.jpg\" alt=\"\" width=\"377\" height=\"439\"\/><figcaption>Foto: Reprodu\u00e7\u00e3o redes sociais<\/figcaption><\/figure>\n\n\n\n<p>O Corpo de Bombeiros informou que foi at\u00e9 o local, e que conseguiu conter as chamas do ve\u00edculo. Eles ainda socorreram a v\u00edtima e encaminharam para o Hospital de Urg\u00eancia de Teresina (HUT).<\/p>\n\n\n\n<p>\u201cEle colidiu em um poste e o carro dele incendiou. N\u00e3o tiramos eles das ferragens, porque quando chegamos no local, os populares j\u00e1 tinham tirado ele do ve\u00edculo, ent\u00e3o no local extinguimos o inc\u00eandio, fizemos um atendimento, e levamos ele para o hospital. Ele teve queimaduras em parte do corpo\u201d, informou o major Eg\u00eddio Leite, do Corpo de Bombeiros.<\/p>\n\n\n\n<p><strong>Equatorial se manifesta<\/strong><\/p>\n\n\n\n<p>Em nota a Equatorial afirmou que o acidente&nbsp;causou a interrup\u00e7\u00e3o do fornecimento para cerca de 12 mil clientes da regi\u00e3o, mas que o servi\u00e7o j\u00e1 foi restabelecido.<\/p>\n\n\n\n<p>Segundo a empresa, o condutor ou propriet\u00e1rio do ve\u00edculo ser\u00e1 o respons\u00e1vel pelos danos materiais e servi\u00e7os de repara\u00e7\u00e3o.<\/p>\n\n\n\n<p><strong>Confira a nota na \u00edntegra:<\/strong><\/p>\n\n\n\n<blockquote class=\"wp-block-quote\"><p>A Equatorial Piau\u00ed informa que, na noite de ontem (11), uma colis\u00e3o de carro com um poste da rede de distribui\u00e7\u00e3o de energia na Avenida Josu\u00e9 de Moura Santos, causou a interrup\u00e7\u00e3o do fornecimento para cerca de 12 mil clientes da regi\u00e3o. A ocorr\u00eancia teve in\u00edcio \u00e0s 20:29 do \u00faltimo domingo (11), quando equipes de campo da Distribuidora foram enviadas ao local para realizar a troca do poste danificado e restabelecer a energia. Devido \u00e0 complexidade da opera\u00e7\u00e3o, o servi\u00e7o foi finalizado \u00e0s 23:20 do mesmo dia (11).&nbsp;&nbsp;<\/p><p>A concession\u00e1ria tamb\u00e9m comunica que o condutor ou propriet\u00e1rio do ve\u00edculo \u00e9 respons\u00e1vel pelos danos materiais e servi\u00e7os de repara\u00e7\u00e3o.<\/p><\/blockquote>\n\n\n\n<p><strong>Fonte: B\u00e1rbara Rodrigues\/ Cidade Verde <\/strong><\/p>\n","protected":false},"excerpt":{"rendered":"<p>Um homem ficou gravemente ferido ap\u00f3s colidir um ve\u00edculo em um poste e o carro incendiar na Avenida Josu\u00e9 de Moura Santos, na zona Norte de Teresina, na noite de domingo (11). O acidente aconteceu ap\u00f3s o motorista perder o controle do ve\u00edculo e colidir em um poste de ilumina\u00e7\u00e3o p\u00fablica, que acabou caindo em [&hellip;]<\/p>\n","protected":false},"author":1,"featured_media":38618,"comment_status":"open","ping_status":"open","sticky":false,"template":"","format":"standard","meta":{"beyondwords_generate_audio":"","beyondwords_project_id":"","beyondwords_podcast_id":"","beyondwords_hash":"","beyondwords_error_message":"","beyondwords_disabled":"","publish_post_to_speechkit":"","speechkit_generate_audio":"","speechkit_project_id":"","speechkit_podcast_id":"","speechkit_hash":"","speechkit_error_message":"","speechkit_disabled":"","speechkit_access_key":"","speechkit_error":"","speechkit_info":"","speechkit_response":"","speechkit_retries":"","_speechkit_link":"","_speechkit_text":""},"categories":[51,81],"tags":[70,62,300,46,8392,58,52,567,6024,405,158],"jetpack_featured_media_url":"","_links":{"self":[{"href":"https:\/\/pinews.com.br\/index.php\/wp-json\/wp\/v2\/posts\/38617"}],"collection":[{"href":"https:\/\/pinews.com.br\/index.php\/wp-json\/wp\/v2\/posts"}],"about":[{"href":"https:\/\/pinews.com.br\/index.php\/wp-json\/wp\/v2\/types\/post"}],"author":[{"embeddable":true,"href":"https:\/\/pinews.com.br\/index.php\/wp-json\/wp\/v2\/users\/1"}],"replies":[{"embeddable":true,"href":"https:\/\/pinews.com.br\/index.php\/wp-json\/wp\/v2\/comments?post=38617"}],"version-history":[{"count":0,"href":"https:\/\/pinews.com.br\/index.php\/wp-json\/wp\/v2\/posts\/38617\/revisions"}],"wp:featuredmedia":[{"embeddable":true,"href":"https:\/\/pinews.com.br\/index.php\/wp-json\/"}],"wp:attachment":[{"href":"https:\/\/pinews.com.br\/index.php\/wp-json\/wp\/v2\/media?parent=38617"}],"wp:term":[{"taxonomy":"category","embeddable":true,"href":"https:\/\/pinews.com.br\/index.php\/wp-json\/wp\/v2\/categories?post=38617"},{"taxonomy":"post_tag","embeddable":true,"href":"https:\/\/pinews.com.br\/index.php\/wp-json\/wp\/v2\/tags?post=38617"}],"curies":[{"name":"wp","href":"https:\/\/api.w.org\/{rel}","templated":true}]}}