{"id":38661,"date":"2022-09-13T11:54:37","date_gmt":"2022-09-13T14:54:37","guid":{"rendered":"https:\/\/pinews.com.br\/?p=38661"},"modified":"2022-09-13T11:54:37","modified_gmt":"2022-09-13T14:54:37","slug":"alagoinha-de-luto-jovem-ministro-da-eucaristia-falece-apos-45-dias-internado-e-comove-todo-o-municipio-e-regiao","status":"publish","type":"post","link":"https:\/\/pinews.com.br\/index.php\/2022\/09\/13\/alagoinha-de-luto-jovem-ministro-da-eucaristia-falece-apos-45-dias-internado-e-comove-todo-o-municipio-e-regiao\/","title":{"rendered":"Alagoinha de luto: Jovem ministro da Eucaristia falece ap\u00f3s 45 dias internado e comove todo o munic\u00edpio e regi\u00e3o"},"content":{"rendered":"\n<p>O munic\u00edpio de Alagoinha do Piau\u00ed est\u00e1 de luto. O jovem Marcos Sousa, faleceu nesta manh\u00e3 de ter\u00e7a-feira, 13 de setembro, ap\u00f3s ficar 45 dias internado numa UTI do Hospital Regional Justino Luz, em Picos.<\/p>\n\n\n\n<p><em>O jovem<\/em><strong><em>,<\/em><\/strong> de apenas 29 anos, era ministro da Eucaristia da Igreja Cat\u00f3lica de Alagoinha do Piau\u00ed e realizava diversos trabalhos sociais e religiosos em seu munic\u00edpio.<\/p>\n\n\n\n<p>De acordo com informa\u00e7\u00f5es repassadas ao Portal \u00c9 Not\u00edcias, Marcos Sousa come\u00e7ou sentindo fortes dores de cabe\u00e7a. Sem melhoras, foi submetido a exame de tomografia, que n\u00e3o constatou qual problema de sa\u00fade enfrentava.<\/p>\n\n\n\n<p>Sem confirma\u00e7\u00e3o oficial dos m\u00e9dicos, a fam\u00edlia aponta que ele morreu por encefalite, que \u00e9 uma inflama\u00e7\u00e3o aguda do c\u00e9rebro.<\/p>\n\n\n\n<p>Seu falecimento comoveu todo o munic\u00edpio de Alagoinha do Piau\u00ed e regi\u00e3o.<\/p>\n\n\n\n<p><strong>Fonte: Portal \u00c9 Not\u00edcias <\/strong><\/p>\n","protected":false},"excerpt":{"rendered":"<p>O munic\u00edpio de Alagoinha do Piau\u00ed est\u00e1 de luto. O jovem Marcos Sousa, faleceu nesta manh\u00e3 de ter\u00e7a-feira, 13 de setembro, ap\u00f3s ficar 45 dias internado numa UTI do Hospital Regional Justino Luz, em Picos. O jovem, de apenas 29 anos, era ministro da Eucaristia da Igreja Cat\u00f3lica de Alagoinha do Piau\u00ed e realizava diversos [&hellip;]<\/p>\n","protected":false},"author":1,"featured_media":38662,"comment_status":"open","ping_status":"open","sticky":false,"template":"","format":"standard","meta":{"beyondwords_generate_audio":"","beyondwords_project_id":"","beyondwords_podcast_id":"","beyondwords_hash":"","beyondwords_error_message":"","beyondwords_disabled":"","publish_post_to_speechkit":"","speechkit_generate_audio":"","speechkit_project_id":"","speechkit_podcast_id":"","speechkit_hash":"","speechkit_error_message":"","speechkit_disabled":"","speechkit_access_key":"","speechkit_error":"","speechkit_info":"","speechkit_response":"","speechkit_retries":"","_speechkit_link":"","_speechkit_text":""},"categories":[1107,51],"tags":[6620,1106,70,524,122,44,787,10613,183,5335,266,185,4007,50,203,1022],"jetpack_featured_media_url":"","_links":{"self":[{"href":"https:\/\/pinews.com.br\/index.php\/wp-json\/wp\/v2\/posts\/38661"}],"collection":[{"href":"https:\/\/pinews.com.br\/index.php\/wp-json\/wp\/v2\/posts"}],"about":[{"href":"https:\/\/pinews.com.br\/index.php\/wp-json\/wp\/v2\/types\/post"}],"author":[{"embeddable":true,"href":"https:\/\/pinews.com.br\/index.php\/wp-json\/wp\/v2\/users\/1"}],"replies":[{"embeddable":true,"href":"https:\/\/pinews.com.br\/index.php\/wp-json\/wp\/v2\/comments?post=38661"}],"version-history":[{"count":0,"href":"https:\/\/pinews.com.br\/index.php\/wp-json\/wp\/v2\/posts\/38661\/revisions"}],"wp:featuredmedia":[{"embeddable":true,"href":"https:\/\/pinews.com.br\/index.php\/wp-json\/"}],"wp:attachment":[{"href":"https:\/\/pinews.com.br\/index.php\/wp-json\/wp\/v2\/media?parent=38661"}],"wp:term":[{"taxonomy":"category","embeddable":true,"href":"https:\/\/pinews.com.br\/index.php\/wp-json\/wp\/v2\/categories?post=38661"},{"taxonomy":"post_tag","embeddable":true,"href":"https:\/\/pinews.com.br\/index.php\/wp-json\/wp\/v2\/tags?post=38661"}],"curies":[{"name":"wp","href":"https:\/\/api.w.org\/{rel}","templated":true}]}}