{"id":38681,"date":"2022-09-13T18:12:14","date_gmt":"2022-09-13T21:12:14","guid":{"rendered":"https:\/\/pinews.com.br\/?p=38681"},"modified":"2022-09-13T18:12:14","modified_gmt":"2022-09-13T21:12:14","slug":"cameras-flagram-detentos-no-telhado-de-presidio-durante-tentativa-de-fuga-no-piaui","status":"publish","type":"post","link":"https:\/\/pinews.com.br\/index.php\/2022\/09\/13\/cameras-flagram-detentos-no-telhado-de-presidio-durante-tentativa-de-fuga-no-piaui\/","title":{"rendered":"C\u00e2meras flagram detentos no telhado de pres\u00eddio durante tentativa de fuga no Piau\u00ed"},"content":{"rendered":"\n<p>C\u00e2meras de seguran\u00e7a flagraram detentos no telhado da Penitenci\u00e1ria Mista de Parna\u00edba, no Norte do Estado, durante tentativa de fuga. Os presos saem de um buraco, correm sobre as telhas e em seguida saltam. Contudo, o plano de fuga n\u00e3o deu certo e os detentos foram interceptados por policiais penais antes de conseguir escalar o muro.<\/p>\n\n\n\n<p>O caso ocorreu na tarde desta segunda-feira (12). As imagens mostram que na tentativa de fuga, os detentos quebram algumas telhas e chegam a ficar com o p\u00e9 preso. Na sequ\u00eancia, aparece um policial penal armado que impede a fuga.&nbsp;<\/p>\n\n\n\n<p>&nbsp;De acordo com o Sindicato dos Policiais Penais do Piau\u00ed (Sinpoljuspi), o pres\u00eddio tem a maior taxa de superlota\u00e7\u00e3o no Piau\u00ed e abriga 550 presos. Inaugurado em 1990, ap\u00f3s a adapta\u00e7\u00e3o feita em um antigo mercado p\u00fablico da cidade, na \u00e9poca, o local foi projetado para custodiar 147 presos.&nbsp;<\/p>\n\n\n\n<p>&#8220;Com paredes internas de tijolos comuns, teto de madeira, muros baixos e desprovidos de cerca el\u00e9trica, aliados \u00e0&nbsp; superlota\u00e7\u00e3o e&nbsp; baixo efetivo de policiais concorrem&nbsp; para que a penitenci\u00e1ria seja uma das mais fr\u00e1geis e inseguras do Piau\u00ed,&nbsp; potencializando o aumento da criminalidade contra&nbsp; os cidad\u00e3o&nbsp; trabalhadores residentes no litoral&#8221;, denuncia o Sinpoljuspi.<\/p>\n\n\n\n<p>A fuga flagrada por c\u00e2meras foi a segunda tentativa em dez dias. Anteriormente, oito presos tentaram fugir e tamb\u00e9m foram impedidos por a\u00e7\u00e3o r\u00e1pida dos policiais penais.<\/p>\n\n\n\n<p><strong>Sejus se manifesta<\/strong><\/p>\n\n\n\n<p>Sobre a tentativa de fuga ocorrida na tarde dessa segunda-feira (12), na Penitenci\u00e1ria Mista Juiz Fontes Ibiapina, em Parna\u00edba, a ger\u00eancia da unidade informa que os presos foram interceptados no momento da a\u00e7\u00e3o e n\u00e3o obtiveram \u00eaxito na a\u00e7\u00e3o.&nbsp;<\/p>\n\n\n\n<p>A Secretaria de Justi\u00e7a esclarece, tamb\u00e9m, que reconhece a superlota\u00e7\u00e3o, inerente n\u00e3o somente ao Piau\u00ed, mas ao sistema prisional brasileiro. A Sejus informa que j\u00e1 teve projeto aprovado pelo Departamento Penitenci\u00e1rio Nacional para a constru\u00e7\u00e3o de uma nova unidade na regi\u00e3o Norte do Estado e que abrir\u00e1 processo de licita\u00e7\u00e3o nos pr\u00f3ximos dias.<\/p>\n\n\n\n<figure class=\"wp-block-embed is-type-video is-provider-youtube wp-block-embed-youtube wp-embed-aspect-16-9 wp-has-aspect-ratio\"><div class=\"wp-block-embed__wrapper\">\n<iframe loading=\"lazy\" title=\"C\u00e2meras flagram detentos no telhado de pres\u00eddio durante tentativa de fuga\" width=\"1170\" height=\"658\" src=\"https:\/\/www.youtube.com\/embed\/fsLP785TJuc?feature=oembed\" frameborder=\"0\" allow=\"accelerometer; autoplay; clipboard-write; encrypted-media; gyroscope; picture-in-picture; web-share\" allowfullscreen><\/iframe>\n<\/div><\/figure>\n\n\n\n<p><strong>Fonte: Graciane Ara\u00fajo\/ Cidade Verde <\/strong><\/p>\n","protected":false},"excerpt":{"rendered":"<p>C\u00e2meras de seguran\u00e7a flagraram detentos no telhado da Penitenci\u00e1ria Mista de Parna\u00edba, no Norte do Estado, durante tentativa de fuga. Os presos saem de um buraco, correm sobre as telhas e em seguida saltam. Contudo, o plano de fuga n\u00e3o deu certo e os detentos foram interceptados por policiais penais antes de conseguir escalar o [&hellip;]<\/p>\n","protected":false},"author":1,"featured_media":38682,"comment_status":"open","ping_status":"open","sticky":false,"template":"","format":"standard","meta":{"beyondwords_generate_audio":"","beyondwords_project_id":"","beyondwords_podcast_id":"","beyondwords_hash":"","beyondwords_error_message":"","beyondwords_disabled":"","publish_post_to_speechkit":"","speechkit_generate_audio":"","speechkit_project_id":"","speechkit_podcast_id":"","speechkit_hash":"","speechkit_error_message":"","speechkit_disabled":"","speechkit_access_key":"","speechkit_error":"","speechkit_info":"","speechkit_response":"","speechkit_retries":"","_speechkit_link":"","_speechkit_text":""},"categories":[51,78],"tags":[8248,44,2259,45,9699,153,52,858,677,164],"jetpack_featured_media_url":"","_links":{"self":[{"href":"https:\/\/pinews.com.br\/index.php\/wp-json\/wp\/v2\/posts\/38681"}],"collection":[{"href":"https:\/\/pinews.com.br\/index.php\/wp-json\/wp\/v2\/posts"}],"about":[{"href":"https:\/\/pinews.com.br\/index.php\/wp-json\/wp\/v2\/types\/post"}],"author":[{"embeddable":true,"href":"https:\/\/pinews.com.br\/index.php\/wp-json\/wp\/v2\/users\/1"}],"replies":[{"embeddable":true,"href":"https:\/\/pinews.com.br\/index.php\/wp-json\/wp\/v2\/comments?post=38681"}],"version-history":[{"count":0,"href":"https:\/\/pinews.com.br\/index.php\/wp-json\/wp\/v2\/posts\/38681\/revisions"}],"wp:featuredmedia":[{"embeddable":true,"href":"https:\/\/pinews.com.br\/index.php\/wp-json\/"}],"wp:attachment":[{"href":"https:\/\/pinews.com.br\/index.php\/wp-json\/wp\/v2\/media?parent=38681"}],"wp:term":[{"taxonomy":"category","embeddable":true,"href":"https:\/\/pinews.com.br\/index.php\/wp-json\/wp\/v2\/categories?post=38681"},{"taxonomy":"post_tag","embeddable":true,"href":"https:\/\/pinews.com.br\/index.php\/wp-json\/wp\/v2\/tags?post=38681"}],"curies":[{"name":"wp","href":"https:\/\/api.w.org\/{rel}","templated":true}]}}