{"id":38723,"date":"2022-09-14T17:38:49","date_gmt":"2022-09-14T20:38:49","guid":{"rendered":"https:\/\/pinews.com.br\/?p=38723"},"modified":"2022-09-14T17:38:49","modified_gmt":"2022-09-14T20:38:49","slug":"oito-piauienses-sao-presos-acusados-de-cavarem-tunel-para-fuga-de-presos-no-mt","status":"publish","type":"post","link":"https:\/\/pinews.com.br\/index.php\/2022\/09\/14\/oito-piauienses-sao-presos-acusados-de-cavarem-tunel-para-fuga-de-presos-no-mt\/","title":{"rendered":"Oito piauienses s\u00e3o presos acusados de cavarem t\u00fanel para fuga de presos no MT"},"content":{"rendered":"\n<p>Foram presos em flagrante pela PCMT, doze suspeitos de estarem escavando um t\u00fanel em dire\u00e7\u00e3o \u00e0 Penitenci\u00e1ria Central do Estado (PCE), na tarde de ter\u00e7a-feira (13\/09), em uma resid\u00eancia em Cuiab\u00e1, a poucos metros da maior unidade do estado, que abriga presos de alta periculosidade. Dentre eles sete piauiense, sete naturais de Oeiras e um natural de Floriano.<\/p>\n\n\n\n<p>A GCCO&nbsp;chegou \u00e0 localiza\u00e7\u00e3o da resid\u00eancia, no bairro Jardim Industri\u00e1rio 1, depois da&nbsp;PC&nbsp;receber uma informa\u00e7\u00e3o pelo disque den\u00fancia 197. Equipes da unidade especializada se dirigiram ao local para averiguar a den\u00fancia e surpreenderam um grupo de dez homens e duas mulheres na casa, trabalhando em diversas fun\u00e7\u00f5es de suporte e execu\u00e7\u00e3o para cavar o t\u00fanel em dire\u00e7\u00e3o \u00e0 unidade prisional.<\/p>\n\n\n\n<p>Na casa&nbsp;haviam dezenas de sacos de areia e outros materiais retirados do t\u00fanel que j\u00e1 tinha, aproximadamente, 30 metros escavados, conforme os pr\u00f3prios suspeitos informaram.<\/p>\n\n\n\n<p>Foram apreendidos materiais usados na escava\u00e7\u00e3o, como p\u00e1s, picaretas, entre outras ferramentas, al\u00e9m de cestas b\u00e1sicas, reservat\u00f3rios de \u00e1gua.<\/p>\n\n\n\n<figure class=\"wp-block-embed is-type-video is-provider-youtube wp-block-embed-youtube wp-embed-aspect-4-3 wp-has-aspect-ratio\"><div class=\"wp-block-embed__wrapper\">\n<iframe loading=\"lazy\" title=\"Sete oeirenses s\u00e3o presos em MT acusados de cavarem um t\u00fanel para fuga de presos de penitenci\u00e1ria\" width=\"1170\" height=\"878\" src=\"https:\/\/www.youtube.com\/embed\/Vq02r6xtqLk?feature=oembed\" frameborder=\"0\" allow=\"accelerometer; autoplay; clipboard-write; encrypted-media; gyroscope; picture-in-picture; web-share\" allowfullscreen><\/iframe>\n<\/div><\/figure>\n\n\n\n<p>Leia a mat\u00e9ria completa no <a href=\"https:\/\/www.muraldavila.com.br\/noticias\/sete-oeirenses-sao-presos-em-mt-acusados-de-cavarem-um-tunel-para-fuga-de-presos-de-penitenciaria-78938.html\" target=\"_blank\" rel=\"noreferrer noopener\"><strong>Mural da Vila<\/strong><\/a>.<\/p>\n\n\n\n<p><strong>Fonte: 180 Graus<\/strong><\/p>\n","protected":false},"excerpt":{"rendered":"<p>Foram presos em flagrante pela PCMT, doze suspeitos de estarem escavando um t\u00fanel em dire\u00e7\u00e3o \u00e0 Penitenci\u00e1ria Central do Estado (PCE), na tarde de ter\u00e7a-feira (13\/09), em uma resid\u00eancia em Cuiab\u00e1, a poucos metros da maior unidade do estado, que abriga presos de alta periculosidade. Dentre eles sete piauiense, sete naturais de Oeiras e um [&hellip;]<\/p>\n","protected":false},"author":1,"featured_media":38724,"comment_status":"open","ping_status":"open","sticky":false,"template":"","format":"standard","meta":{"beyondwords_generate_audio":"","beyondwords_project_id":"","beyondwords_podcast_id":"","beyondwords_hash":"","beyondwords_error_message":"","beyondwords_disabled":"","publish_post_to_speechkit":"","speechkit_generate_audio":"","speechkit_project_id":"","speechkit_podcast_id":"","speechkit_hash":"","speechkit_error_message":"","speechkit_disabled":"","speechkit_access_key":"","speechkit_error":"","speechkit_info":"","speechkit_response":"","speechkit_retries":"","_speechkit_link":"","_speechkit_text":""},"categories":[134,78],"tags":[1665,10764,44,153,8859,5522,350,743,600,362,2275],"jetpack_featured_media_url":"","_links":{"self":[{"href":"https:\/\/pinews.com.br\/index.php\/wp-json\/wp\/v2\/posts\/38723"}],"collection":[{"href":"https:\/\/pinews.com.br\/index.php\/wp-json\/wp\/v2\/posts"}],"about":[{"href":"https:\/\/pinews.com.br\/index.php\/wp-json\/wp\/v2\/types\/post"}],"author":[{"embeddable":true,"href":"https:\/\/pinews.com.br\/index.php\/wp-json\/wp\/v2\/users\/1"}],"replies":[{"embeddable":true,"href":"https:\/\/pinews.com.br\/index.php\/wp-json\/wp\/v2\/comments?post=38723"}],"version-history":[{"count":0,"href":"https:\/\/pinews.com.br\/index.php\/wp-json\/wp\/v2\/posts\/38723\/revisions"}],"wp:featuredmedia":[{"embeddable":true,"href":"https:\/\/pinews.com.br\/index.php\/wp-json\/"}],"wp:attachment":[{"href":"https:\/\/pinews.com.br\/index.php\/wp-json\/wp\/v2\/media?parent=38723"}],"wp:term":[{"taxonomy":"category","embeddable":true,"href":"https:\/\/pinews.com.br\/index.php\/wp-json\/wp\/v2\/categories?post=38723"},{"taxonomy":"post_tag","embeddable":true,"href":"https:\/\/pinews.com.br\/index.php\/wp-json\/wp\/v2\/tags?post=38723"}],"curies":[{"name":"wp","href":"https:\/\/api.w.org\/{rel}","templated":true}]}}