{"id":38736,"date":"2022-09-14T21:45:22","date_gmt":"2022-09-15T00:45:22","guid":{"rendered":"https:\/\/pinews.com.br\/?p=38736"},"modified":"2022-09-14T21:45:22","modified_gmt":"2022-09-15T00:45:22","slug":"tribunal-do-juri-condena-presos-que-mataram-detento-e-simularam-suicidio-no-piaui","status":"publish","type":"post","link":"https:\/\/pinews.com.br\/index.php\/2022\/09\/14\/tribunal-do-juri-condena-presos-que-mataram-detento-e-simularam-suicidio-no-piaui\/","title":{"rendered":"Tribunal do J\u00fari condena presos que mataram detento e simularam suic\u00eddio no Piau\u00ed"},"content":{"rendered":"\n<p>O Tribunal Popular do J\u00fari condenou a 55 anos de pris\u00e3o os r\u00e9us Astrogildo Ant\u00f4nio da Costa e Ant\u00f4nio Jos\u00e9 da Silva que foram considerados culpados pela morte do detento Fabr\u00edcio Santos Silva, em novembro de 2013. O crime ocorreu dentro da Penitenci\u00e1ria Mista de Parna\u00edba, no litoral do Piau\u00ed, e teria sido motivado ap\u00f3s a v\u00edtima testemunhar um crime anterior cometido pela dupla.&nbsp;<\/p>\n\n\n\n<p>Astrogildo e Ant\u00f4nio teriam se aproveitado do hor\u00e1rio do banho de sol, para entrar na cela e matar Fabr\u00edcio asfixiado por len\u00e7\u00f3is. De acordo com a den\u00fancia, ap\u00f3s a sess\u00e3o de espancamento e estrangulamento, os r\u00e9us simularam cena de suic\u00eddio, pendurando a v\u00edtima e amarrando uma corda em seu pesco\u00e7o. A v\u00edtima cumpria pena por tr\u00e1fico de drogas.&nbsp;<\/p>\n\n\n\n<p>O Conselho de Senten\u00e7a acolheu integralmente a tese apresentada pelo Minist\u00e9rio P\u00fablico do Piau\u00ed (MPPI), representado pelo promotor R\u00f4mulo Paulo Cord\u00e3o, resultando nas penas de vinte e cinco anos para Astrogildo da Costa e trinta anos de reclus\u00e3o para Ant\u00f4nio da Silva, ambos em regime fechado.<\/p>\n\n\n\n<p>O promotor R\u00f4mulo Cord\u00e3o diz que o crime foi &#8220;queima de arquivo&#8221; e que um dos r\u00e9us ainda negou as acusa\u00e7\u00f5es, mas que prevaleceu a tese sustentada pelo MP.<\/p>\n\n\n\n<p>&#8220;Conseguimos condenar ambos por homic\u00eddio com duas qualificadoras. A morte foi uma queima de arquivo. A v\u00edtima viu eles tentando matar uma outra pessoa dentro do pres\u00eddio e come\u00e7ou a falar para algumas pessoas. Ent\u00e3o, os dois come\u00e7aram a amea\u00e7\u00e1-lo. A vitima ainda pediu para sair da cela, mas isso s\u00f3 ia acontecer no dia seguinte, pois o diretor do pres\u00eddio n\u00e3o estava l\u00e1 e houve um motim em uma ala&#8221;, conta o promotor.&nbsp;<\/p>\n\n\n\n<p>De acordo com a tese defendida pelo MP, os dois teriam quebrado o cadeado e invadiram a cela. &#8220;Bateram&nbsp; e estrangularam usando um fio. Depois simularam o enforcamento, colocando ele no banheiro e amarraram len\u00e7ol em um cano simulando suic\u00eddio. S\u00f3 que a per\u00edcia foi muito firme em dizer que eles estragularam e depois forjaram o espancamento&#8221;, conta o promotor.&nbsp;<\/p>\n\n\n\n<p>Astrogildo Ant\u00f4nio da Costa que j\u00e1 responde a quatro homic\u00eddios, al\u00e9m de crimes roubo e furto, continua preso em regime fechado. J\u00e1 Ant\u00f4nio Jos\u00e9 da Silva cumpre pris\u00e3o domiciliar, benef\u00edcio concedido em 2020 ap\u00f3s ter sido um dos detentos v\u00edtimas de envenenamento durante uma dedetiza\u00e7\u00e3o \u201cmal feita\u201d na Cadeia P\u00fablica de Altos. Contudo, ap\u00f3s a condena\u00e7\u00e3o, o promotor diz representou pela preventiva para que o preso cumpra a pena no pres\u00eddio. <\/p>\n\n\n\n<p>&#8220;Ambos s\u00e3o perigosos. O Ant\u00f4nio tamb\u00e9m responde a quatro homic\u00eddios, um latroc\u00ednio, roubo e furto. Ele est\u00e1 em domiciliar, mas j\u00e1 representei pela preventiva que foi decretada, pois aparenta bom estado de sa\u00fade&#8221;, reitera R\u00f4mulo Cord\u00e3o.&nbsp;<\/p>\n\n\n\n<p>O julgamento por homic\u00eddio qualificado ocorreu nessa segunda-feira (12).<\/p>\n\n\n\n<p><br><strong>Fonte: Graciane Ara\u00fajo\/ Cidade Verde <\/strong><\/p>\n","protected":false},"excerpt":{"rendered":"<p>O Tribunal Popular do J\u00fari condenou a 55 anos de pris\u00e3o os r\u00e9us Astrogildo Ant\u00f4nio da Costa e Ant\u00f4nio Jos\u00e9 da Silva que foram considerados culpados pela morte do detento Fabr\u00edcio Santos Silva, em novembro de 2013. O crime ocorreu dentro da Penitenci\u00e1ria Mista de Parna\u00edba, no litoral do Piau\u00ed, e teria sido motivado ap\u00f3s [&hellip;]<\/p>\n","protected":false},"author":1,"featured_media":38737,"comment_status":"open","ping_status":"open","sticky":false,"template":"","format":"standard","meta":{"beyondwords_generate_audio":"","beyondwords_project_id":"","beyondwords_podcast_id":"","beyondwords_hash":"","beyondwords_error_message":"","beyondwords_disabled":"","publish_post_to_speechkit":"","speechkit_generate_audio":"","speechkit_project_id":"","speechkit_podcast_id":"","speechkit_hash":"","speechkit_error_message":"","speechkit_disabled":"","speechkit_access_key":"","speechkit_error":"","speechkit_info":"","speechkit_response":"","speechkit_retries":"","_speechkit_link":"","_speechkit_text":""},"categories":[51,78],"tags":[7328,857,5687,10766,52,600,10767,8382,6122],"jetpack_featured_media_url":"","_links":{"self":[{"href":"https:\/\/pinews.com.br\/index.php\/wp-json\/wp\/v2\/posts\/38736"}],"collection":[{"href":"https:\/\/pinews.com.br\/index.php\/wp-json\/wp\/v2\/posts"}],"about":[{"href":"https:\/\/pinews.com.br\/index.php\/wp-json\/wp\/v2\/types\/post"}],"author":[{"embeddable":true,"href":"https:\/\/pinews.com.br\/index.php\/wp-json\/wp\/v2\/users\/1"}],"replies":[{"embeddable":true,"href":"https:\/\/pinews.com.br\/index.php\/wp-json\/wp\/v2\/comments?post=38736"}],"version-history":[{"count":0,"href":"https:\/\/pinews.com.br\/index.php\/wp-json\/wp\/v2\/posts\/38736\/revisions"}],"wp:featuredmedia":[{"embeddable":true,"href":"https:\/\/pinews.com.br\/index.php\/wp-json\/"}],"wp:attachment":[{"href":"https:\/\/pinews.com.br\/index.php\/wp-json\/wp\/v2\/media?parent=38736"}],"wp:term":[{"taxonomy":"category","embeddable":true,"href":"https:\/\/pinews.com.br\/index.php\/wp-json\/wp\/v2\/categories?post=38736"},{"taxonomy":"post_tag","embeddable":true,"href":"https:\/\/pinews.com.br\/index.php\/wp-json\/wp\/v2\/tags?post=38736"}],"curies":[{"name":"wp","href":"https:\/\/api.w.org\/{rel}","templated":true}]}}