{"id":38768,"date":"2022-09-15T18:09:19","date_gmt":"2022-09-15T21:09:19","guid":{"rendered":"https:\/\/pinews.com.br\/?p=38768"},"modified":"2022-09-15T18:09:19","modified_gmt":"2022-09-15T21:09:19","slug":"homem-que-comprou-motocicleta-roubada-pelo-facebook-e-preso-no-piaui","status":"publish","type":"post","link":"https:\/\/pinews.com.br\/index.php\/2022\/09\/15\/homem-que-comprou-motocicleta-roubada-pelo-facebook-e-preso-no-piaui\/","title":{"rendered":"Homem que comprou motocicleta roubada pelo Facebook \u00e9 preso no Piau\u00ed"},"content":{"rendered":"\n<p>Um homem de 30 anos foi preso nesta quarta-feira (14) em Parna\u00edba, distante 338 km de Teresina, com uma motocicleta roubada. Aos policiais que atenderam a ocorr\u00eancia, o suspeito afirmou que comprou o ve\u00edculo atrav\u00e9s de um grupo no Facebook no m\u00eas de junho de 2022.&nbsp;<\/p>\n\n\n\n<p>A pris\u00e3o foi realizada por agentes da Pol\u00edcia Rodovi\u00e1ria Federal (PRF) que avistaram a moto na BR-343. Ao inspecionar o ve\u00edculo, os policiais perceberam que o ve\u00edculo estava adulterado e com restri\u00e7\u00e3o de roubo\/furto.&nbsp;<\/p>\n\n\n\n<p>&#8220;Informou que comprou de um desconhecido, pelo Facebook, pela quantia de R$ 3,2 mil h\u00e1 cerca de tr\u00eas meses. N\u00e3o soube informar a identidade do vendedor&#8221;, destacou o policial rodovi\u00e1rio federal Antonio Fernandes em depoimento \u00e0 delegada Daniella Dinali.&nbsp;<\/p>\n\n\n\n<p>Durante a abordagem, os policiais fizeram uma pesquisa e constataram que havia um mandado de pris\u00e3o em aberto por atraso na pens\u00e3o aliment\u00edcia e deram cumprimento ao mandado.&nbsp;<\/p>\n\n\n\n<p>O suspeito foi conduzido \u00e0 Central de Flagrantes de Teresina onde vai responder pelo crime de recepta\u00e7\u00e3o. <\/p>\n\n\n\n<p><strong>Fonte: Nataniel Lima\/ Cidade Verde <\/strong><\/p>\n","protected":false},"excerpt":{"rendered":"<p>Um homem de 30 anos foi preso nesta quarta-feira (14) em Parna\u00edba, distante 338 km de Teresina, com uma motocicleta roubada. Aos policiais que atenderam a ocorr\u00eancia, o suspeito afirmou que comprou o ve\u00edculo atrav\u00e9s de um grupo no Facebook no m\u00eas de junho de 2022.&nbsp; A pris\u00e3o foi realizada por agentes da Pol\u00edcia Rodovi\u00e1ria [&hellip;]<\/p>\n","protected":false},"author":1,"featured_media":38769,"comment_status":"open","ping_status":"open","sticky":false,"template":"","format":"standard","meta":{"beyondwords_generate_audio":"","beyondwords_project_id":"","beyondwords_podcast_id":"","beyondwords_hash":"","beyondwords_error_message":"","beyondwords_disabled":"","publish_post_to_speechkit":"","speechkit_generate_audio":"","speechkit_project_id":"","speechkit_podcast_id":"","speechkit_hash":"","speechkit_error_message":"","speechkit_disabled":"","speechkit_access_key":"","speechkit_error":"","speechkit_info":"","speechkit_response":"","speechkit_retries":"","_speechkit_link":"","_speechkit_text":""},"categories":[51,78],"tags":[7856,72,4932,84,179,137,52,79,813],"jetpack_featured_media_url":"","_links":{"self":[{"href":"https:\/\/pinews.com.br\/index.php\/wp-json\/wp\/v2\/posts\/38768"}],"collection":[{"href":"https:\/\/pinews.com.br\/index.php\/wp-json\/wp\/v2\/posts"}],"about":[{"href":"https:\/\/pinews.com.br\/index.php\/wp-json\/wp\/v2\/types\/post"}],"author":[{"embeddable":true,"href":"https:\/\/pinews.com.br\/index.php\/wp-json\/wp\/v2\/users\/1"}],"replies":[{"embeddable":true,"href":"https:\/\/pinews.com.br\/index.php\/wp-json\/wp\/v2\/comments?post=38768"}],"version-history":[{"count":0,"href":"https:\/\/pinews.com.br\/index.php\/wp-json\/wp\/v2\/posts\/38768\/revisions"}],"wp:featuredmedia":[{"embeddable":true,"href":"https:\/\/pinews.com.br\/index.php\/wp-json\/"}],"wp:attachment":[{"href":"https:\/\/pinews.com.br\/index.php\/wp-json\/wp\/v2\/media?parent=38768"}],"wp:term":[{"taxonomy":"category","embeddable":true,"href":"https:\/\/pinews.com.br\/index.php\/wp-json\/wp\/v2\/categories?post=38768"},{"taxonomy":"post_tag","embeddable":true,"href":"https:\/\/pinews.com.br\/index.php\/wp-json\/wp\/v2\/tags?post=38768"}],"curies":[{"name":"wp","href":"https:\/\/api.w.org\/{rel}","templated":true}]}}