{"id":38800,"date":"2022-09-16T11:45:35","date_gmt":"2022-09-16T14:45:35","guid":{"rendered":"https:\/\/pinews.com.br\/?p=38800"},"modified":"2022-09-16T11:45:35","modified_gmt":"2022-09-16T14:45:35","slug":"homem-queimado-em-grave-acidente-de-carro-morre-em-hospital-no-piaui","status":"publish","type":"post","link":"https:\/\/pinews.com.br\/index.php\/2022\/09\/16\/homem-queimado-em-grave-acidente-de-carro-morre-em-hospital-no-piaui\/","title":{"rendered":"Homem queimado em grave acidente de carro morre em hospital no Piau\u00ed"},"content":{"rendered":"\n<p>Quatro dias ap\u00f3s sofrer queimaduras de variados graus pelo corpo, M\u00e1rcio Pereira n\u00e3o resistiu aos ferimentos e morreu na&nbsp;\u00faltima quinta-feira (15\/09), no hospital. No \u00faltimo domingo (11\/09), por volta das 20h45, ele conduzia um ve\u00edculo Renault Clio branco pela avenida Josu\u00e9 de Moura Santos, altura do loteamento Conviver, na Zona Norte de Teresina.<\/p>\n\n\n\n<p>Na pista, ele colidiu o carro contra um poste da ilumina\u00e7\u00e3o p\u00fablica. A estrutura caiu por cima do ve\u00edculo, que come\u00e7ou a pegar fogo. M\u00e1rcio em um momento de ang\u00fastia conseguiu quebrar o vidro do autom\u00f3vel e escapou com ajuda de populares que passavam pelo local.<\/p>\n\n\n\n<figure class=\"wp-block-image\"><img decoding=\"async\" src=\"https:\/\/storage.stwonline.com.br\/180graus\/media\/image_bank\/2022\/9\/2a352875-82c0-4d5f-ada2-104751029d9f_-5109203324783058094.jpg\" alt=\"\"\/><figcaption>M\u00e1rcio Pereira n\u00e3o resistiu aos ferimentos e morreu no HUT<\/figcaption><\/figure>\n\n\n\n<p>As chamas s\u00f3 foram controladas com a chegada de uma equipe do Corpo de Bombeiros. Inicialmente o homem foi encaminhado ao Hospital de Urg\u00eancia de Teresina (HUT) na pr\u00f3pria viatura dos bombeiros.<\/p>\n\n\n\n<p><strong>Fonte: RP50<\/strong><\/p>\n","protected":false},"excerpt":{"rendered":"<p>Quatro dias ap\u00f3s sofrer queimaduras de variados graus pelo corpo, M\u00e1rcio Pereira n\u00e3o resistiu aos ferimentos e morreu na&nbsp;\u00faltima quinta-feira (15\/09), no hospital. No \u00faltimo domingo (11\/09), por volta das 20h45, ele conduzia um ve\u00edculo Renault Clio branco pela avenida Josu\u00e9 de Moura Santos, altura do loteamento Conviver, na Zona Norte de Teresina. Na pista, [&hellip;]<\/p>\n","protected":false},"author":1,"featured_media":38801,"comment_status":"open","ping_status":"open","sticky":false,"template":"","format":"standard","meta":{"beyondwords_generate_audio":"","beyondwords_project_id":"","beyondwords_podcast_id":"","beyondwords_hash":"","beyondwords_error_message":"","beyondwords_disabled":"","publish_post_to_speechkit":"","speechkit_generate_audio":"","speechkit_project_id":"","speechkit_podcast_id":"","speechkit_hash":"","speechkit_error_message":"","speechkit_disabled":"","speechkit_access_key":"","speechkit_error":"","speechkit_info":"","speechkit_response":"","speechkit_retries":"","_speechkit_link":"","_speechkit_text":""},"categories":[51],"tags":[176,62,44,46,404,84,339,119,52,1672],"jetpack_featured_media_url":"","_links":{"self":[{"href":"https:\/\/pinews.com.br\/index.php\/wp-json\/wp\/v2\/posts\/38800"}],"collection":[{"href":"https:\/\/pinews.com.br\/index.php\/wp-json\/wp\/v2\/posts"}],"about":[{"href":"https:\/\/pinews.com.br\/index.php\/wp-json\/wp\/v2\/types\/post"}],"author":[{"embeddable":true,"href":"https:\/\/pinews.com.br\/index.php\/wp-json\/wp\/v2\/users\/1"}],"replies":[{"embeddable":true,"href":"https:\/\/pinews.com.br\/index.php\/wp-json\/wp\/v2\/comments?post=38800"}],"version-history":[{"count":0,"href":"https:\/\/pinews.com.br\/index.php\/wp-json\/wp\/v2\/posts\/38800\/revisions"}],"wp:featuredmedia":[{"embeddable":true,"href":"https:\/\/pinews.com.br\/index.php\/wp-json\/"}],"wp:attachment":[{"href":"https:\/\/pinews.com.br\/index.php\/wp-json\/wp\/v2\/media?parent=38800"}],"wp:term":[{"taxonomy":"category","embeddable":true,"href":"https:\/\/pinews.com.br\/index.php\/wp-json\/wp\/v2\/categories?post=38800"},{"taxonomy":"post_tag","embeddable":true,"href":"https:\/\/pinews.com.br\/index.php\/wp-json\/wp\/v2\/tags?post=38800"}],"curies":[{"name":"wp","href":"https:\/\/api.w.org\/{rel}","templated":true}]}}