{"id":38817,"date":"2022-09-16T17:57:56","date_gmt":"2022-09-16T20:57:56","guid":{"rendered":"https:\/\/pinews.com.br\/?p=38817"},"modified":"2022-09-16T17:57:56","modified_gmt":"2022-09-16T20:57:56","slug":"homem-e-preso-suspeito-de-decapitar-rival-com-golpes-de-facao-no-piaui","status":"publish","type":"post","link":"https:\/\/pinews.com.br\/index.php\/2022\/09\/16\/homem-e-preso-suspeito-de-decapitar-rival-com-golpes-de-facao-no-piaui\/","title":{"rendered":"Homem \u00e9 preso suspeito de decapitar rival com golpes de fac\u00e3o no Piau\u00ed"},"content":{"rendered":"\n<p>Um homem chamado Fl\u00e1vio Emanoel Santos Oliveira foi preso, nesta sexta-feira (16), suspeito do assassinato de David Santiago Oliveira. A v\u00edtima teve a cabe\u00e7a decepada a golpes de fac\u00e3o.<\/p>\n\n\n\n<p>David foi encontrado morto no dia 2 de outubro de 2021, no povoado Viva Deus, na regi\u00e3o da Santa Maria da Codipi. No dia do crime ele n\u00e3o foi identificado, porque estava sem documentos.<\/p>\n\n\n\n<p>A v\u00edtima foi assassinada com golpes de fac\u00e3o no pesco\u00e7o, at\u00e9 ter a cabe\u00e7a separado do corpo. Segundo o delegado Robert Lavor, o crime foi motivado por rixas entre o suspeito e a v\u00edtima.<\/p>\n\n\n\n<p>A v\u00edtima respondia a diversos processos por roubo e posse ilegal de arma de fogo, enquanto o suspeito responde a um processo por tr\u00e1fico de drogas.<\/p>\n\n\n\n<p>Fl\u00e1vio foi preso na casa onde morava na Santa Maria da Codipi, por equipes da Delegacia de Homic\u00eddio e Prote\u00e7\u00e3o \u00e0 Pessoa e do 22\u00ba Distrito Policial. Ele tamb\u00e9m foi preso em flagrante porque os policiais encontraram com ele uma arma de fogo.<\/p>\n\n\n\n<p><strong>Fonte: G1 PI <\/strong><\/p>\n","protected":false},"excerpt":{"rendered":"<p>Um homem chamado Fl\u00e1vio Emanoel Santos Oliveira foi preso, nesta sexta-feira (16), suspeito do assassinato de David Santiago Oliveira. A v\u00edtima teve a cabe\u00e7a decepada a golpes de fac\u00e3o. David foi encontrado morto no dia 2 de outubro de 2021, no povoado Viva Deus, na regi\u00e3o da Santa Maria da Codipi. No dia do crime [&hellip;]<\/p>\n","protected":false},"author":1,"featured_media":38818,"comment_status":"open","ping_status":"open","sticky":false,"template":"","format":"standard","meta":{"beyondwords_generate_audio":"","beyondwords_project_id":"","beyondwords_podcast_id":"","beyondwords_hash":"","beyondwords_error_message":"","beyondwords_disabled":"","publish_post_to_speechkit":"","speechkit_generate_audio":"","speechkit_project_id":"","speechkit_podcast_id":"","speechkit_hash":"","speechkit_error_message":"","speechkit_disabled":"","speechkit_access_key":"","speechkit_error":"","speechkit_info":"","speechkit_response":"","speechkit_retries":"","_speechkit_link":"","_speechkit_text":""},"categories":[51,78,81],"tags":[44,8808,72,253,83,84,52,79,686,130],"jetpack_featured_media_url":"","_links":{"self":[{"href":"https:\/\/pinews.com.br\/index.php\/wp-json\/wp\/v2\/posts\/38817"}],"collection":[{"href":"https:\/\/pinews.com.br\/index.php\/wp-json\/wp\/v2\/posts"}],"about":[{"href":"https:\/\/pinews.com.br\/index.php\/wp-json\/wp\/v2\/types\/post"}],"author":[{"embeddable":true,"href":"https:\/\/pinews.com.br\/index.php\/wp-json\/wp\/v2\/users\/1"}],"replies":[{"embeddable":true,"href":"https:\/\/pinews.com.br\/index.php\/wp-json\/wp\/v2\/comments?post=38817"}],"version-history":[{"count":0,"href":"https:\/\/pinews.com.br\/index.php\/wp-json\/wp\/v2\/posts\/38817\/revisions"}],"wp:featuredmedia":[{"embeddable":true,"href":"https:\/\/pinews.com.br\/index.php\/wp-json\/"}],"wp:attachment":[{"href":"https:\/\/pinews.com.br\/index.php\/wp-json\/wp\/v2\/media?parent=38817"}],"wp:term":[{"taxonomy":"category","embeddable":true,"href":"https:\/\/pinews.com.br\/index.php\/wp-json\/wp\/v2\/categories?post=38817"},{"taxonomy":"post_tag","embeddable":true,"href":"https:\/\/pinews.com.br\/index.php\/wp-json\/wp\/v2\/tags?post=38817"}],"curies":[{"name":"wp","href":"https:\/\/api.w.org\/{rel}","templated":true}]}}