{"id":38827,"date":"2022-09-16T18:09:14","date_gmt":"2022-09-16T21:09:14","guid":{"rendered":"https:\/\/pinews.com.br\/?p=38827"},"modified":"2022-09-16T18:09:14","modified_gmt":"2022-09-16T21:09:14","slug":"video-jovem-morre-apos-grave-acidente-na-pi-324-na-regiao-sul-do-piaui","status":"publish","type":"post","link":"https:\/\/pinews.com.br\/index.php\/2022\/09\/16\/video-jovem-morre-apos-grave-acidente-na-pi-324-na-regiao-sul-do-piaui\/","title":{"rendered":"V\u00eddeo: jovem morre ap\u00f3s grave acidente na PI 324 na regi\u00e3o Sul do Piau\u00ed"},"content":{"rendered":"\n<p>Um grave acidente com v\u00edtima fatal, que n\u00e3o teve sua identidade revelada,&nbsp;foi registrado na noite dessa quinta-feira (15\/09) na PI 324, no munic\u00edpio de Ribeiro Gon\u00e7alves.&nbsp;<\/p>\n\n\n\n<p>Segundo informa\u00e7\u00f5es repassadas ao&nbsp;<a href=\"https:\/\/www.instagram.com\/reel\/CijD_oODvSm\/?igshid=YmMyMTA2M2Y=\" target=\"_blank\" rel=\"noreferrer noopener\"><strong>Baixa Grande News<\/strong><\/a>, um motoqueiro colidiu na traseira de uma carreta e veio a \u00f3bito ainda no local do acidente.&nbsp;<\/p>\n\n\n\n<p>A v\u00edtima foi identificada apenas por Nazareno, pilotava uma moto modelo Honda. A Pol\u00edcia Militar e o Samu estiveram&nbsp;no local da ocorr\u00eancia.<\/p>\n\n\n\n<figure class=\"wp-block-embed is-type-rich is-provider-twitter wp-block-embed-twitter\"><div class=\"wp-block-embed__wrapper\">\n<blockquote class=\"twitter-tweet\" data-width=\"550\" data-dnt=\"true\"><p lang=\"zxx\" dir=\"ltr\"><a href=\"https:\/\/t.co\/qmtWb4om70\">pic.twitter.com\/qmtWb4om70<\/a><\/p>&mdash; 180graus (@180graus) <a href=\"https:\/\/twitter.com\/180graus\/status\/1570787194490753029?ref_src=twsrc%5Etfw\">September 16, 2022<\/a><\/blockquote><script async src=\"https:\/\/platform.twitter.com\/widgets.js\" charset=\"utf-8\"><\/script>\n<\/div><\/figure>\n\n\n\n<p>A Pol\u00edcia Civil vai investigar as causas do acidente.<\/p>\n\n\n\n<p><strong>Fonte: 180 Graus <\/strong><\/p>\n","protected":false},"excerpt":{"rendered":"<p>Um grave acidente com v\u00edtima fatal, que n\u00e3o teve sua identidade revelada,&nbsp;foi registrado na noite dessa quinta-feira (15\/09) na PI 324, no munic\u00edpio de Ribeiro Gon\u00e7alves.&nbsp; Segundo informa\u00e7\u00f5es repassadas ao&nbsp;Baixa Grande News, um motoqueiro colidiu na traseira de uma carreta e veio a \u00f3bito ainda no local do acidente.&nbsp; A v\u00edtima foi identificada apenas por [&hellip;]<\/p>\n","protected":false},"author":1,"featured_media":38828,"comment_status":"open","ping_status":"open","sticky":false,"template":"","format":"standard","meta":{"beyondwords_generate_audio":"","beyondwords_project_id":"","beyondwords_podcast_id":"","beyondwords_hash":"","beyondwords_error_message":"","beyondwords_disabled":"","publish_post_to_speechkit":"","speechkit_generate_audio":"","speechkit_project_id":"","speechkit_podcast_id":"","speechkit_hash":"","speechkit_error_message":"","speechkit_disabled":"","speechkit_access_key":"","speechkit_error":"","speechkit_info":"","speechkit_response":"","speechkit_retries":"","_speechkit_link":"","_speechkit_text":""},"categories":[51],"tags":[10776,176,70,404,266,119,91,667,52,203,120,67],"jetpack_featured_media_url":"","_links":{"self":[{"href":"https:\/\/pinews.com.br\/index.php\/wp-json\/wp\/v2\/posts\/38827"}],"collection":[{"href":"https:\/\/pinews.com.br\/index.php\/wp-json\/wp\/v2\/posts"}],"about":[{"href":"https:\/\/pinews.com.br\/index.php\/wp-json\/wp\/v2\/types\/post"}],"author":[{"embeddable":true,"href":"https:\/\/pinews.com.br\/index.php\/wp-json\/wp\/v2\/users\/1"}],"replies":[{"embeddable":true,"href":"https:\/\/pinews.com.br\/index.php\/wp-json\/wp\/v2\/comments?post=38827"}],"version-history":[{"count":0,"href":"https:\/\/pinews.com.br\/index.php\/wp-json\/wp\/v2\/posts\/38827\/revisions"}],"wp:featuredmedia":[{"embeddable":true,"href":"https:\/\/pinews.com.br\/index.php\/wp-json\/"}],"wp:attachment":[{"href":"https:\/\/pinews.com.br\/index.php\/wp-json\/wp\/v2\/media?parent=38827"}],"wp:term":[{"taxonomy":"category","embeddable":true,"href":"https:\/\/pinews.com.br\/index.php\/wp-json\/wp\/v2\/categories?post=38827"},{"taxonomy":"post_tag","embeddable":true,"href":"https:\/\/pinews.com.br\/index.php\/wp-json\/wp\/v2\/tags?post=38827"}],"curies":[{"name":"wp","href":"https:\/\/api.w.org\/{rel}","templated":true}]}}