{"id":38838,"date":"2022-09-17T11:08:05","date_gmt":"2022-09-17T14:08:05","guid":{"rendered":"https:\/\/pinews.com.br\/?p=38838"},"modified":"2022-09-17T11:08:05","modified_gmt":"2022-09-17T14:08:05","slug":"covid-19-anvisa-aprova-vacina-da-pfizer-para-criancas-entre-6-meses-e-4-anos","status":"publish","type":"post","link":"https:\/\/pinews.com.br\/index.php\/2022\/09\/17\/covid-19-anvisa-aprova-vacina-da-pfizer-para-criancas-entre-6-meses-e-4-anos\/","title":{"rendered":"Covid-19: Anvisa aprova vacina da Pfizer para crian\u00e7as entre 6 meses e 4 anos"},"content":{"rendered":"\n<p>A Ag\u00eancia Nacional de Vigil\u00e2ncia Sanit\u00e1ria (Anvisa) aprovou nesta sexta-feira, 16, a amplia\u00e7\u00e3o de uso da vacina Comirnaty, da Pfizer, para crian\u00e7as entre 6 meses e 4 anos de idade. O aval considerou an\u00e1lise internacional e das Sociedades Brasileiras de Imunologia e de Pediatria (SBP), entre outros \u00f3rg\u00e3os cient\u00edficos<\/p>\n\n\n\n<p>A aprova\u00e7\u00e3o permite o in\u00edcio do uso da vacina no Brasil para esta faixa et\u00e1ria. Segundo a ag\u00eancia, o imunizante foi considerado seguro e eficaz. A vacina para crian\u00e7as entre 6 meses e 4 anos de idade tem dosagem e composi\u00e7\u00e3o diferentes daquelas utilizadas para as faixas et\u00e1rias previamente aprovadas<\/p>\n\n\n\n<p>&#8220;A formula\u00e7\u00e3o da vacina autorizada hoje dever\u00e1 ser aplicada em tr\u00eas doses de 0,2 mL (equivalente a 3 microgramas)&#8221;, informou a ag\u00eancia em comunicado. &#8220;As duas doses iniciais devem ser administradas com tr\u00eas semanas de intervalo, seguidas por uma terceira dose administrada pelo menos oito semanas ap\u00f3s a segunda dose.&#8221;<\/p>\n\n\n\n<p>A vacina administrada na popula\u00e7\u00e3o de 6 meses a 4 anos de idade ter\u00e1 uma tampa cor vinho para diferenci\u00e1-la da vacina pedi\u00e1trica para crian\u00e7as de 5 a 11 anos, que tem a tampa laranja, e do imunizante para a popula\u00e7\u00e3o acima dos 12 anos, cuja tampa \u00e9 a roxa.<\/p>\n\n\n\n<p>O imunizante da Pfizer est\u00e1 registrado no Brasil desde 23 de fevereiro do ano passado e j\u00e1 \u00e9 aplicado no Brasil em pessoas a partir de 5 anos de idade. A farmac\u00eautica americana submeteu no fim de julho o pedido \u00e0 Anvisa para incluir a faixa de 6 meses a 4 anos, 11 meses e 29 dias.<\/p>\n\n\n\n<p>&#8220;Sabemos que a covid-19 impacta tamb\u00e9m as crian\u00e7as menores, inclusive com a possibilidade de evolu\u00e7\u00e3o para doen\u00e7a grave. Estamos orgulhosos por dar mais esse importante passo para ampliar a prote\u00e7\u00e3o da popula\u00e7\u00e3o pedi\u00e1trica&#8221;, afirmou na ocasi\u00e3o Adriana Ribeiro Polycarpo, diretora m\u00e9dica da Pfizer Brasil. Segundo a empresa, solicita\u00e7\u00e3o foi embasada por um estudo que incluiu 4.526 crian\u00e7as nessa faixa de idade.<\/p>\n\n\n\n<p>Em julho, a Anvisa liberou o uso da vacina Coronavac para crian\u00e7as de 3 e 4 anos &#8211; o \u00fanico imunizante liberado para o grupo abaixo de 5 anos no Pa\u00eds at\u00e9 ent\u00e3o.<\/p>\n\n\n\n<p><strong>Autoriza\u00e7\u00e3o<\/strong><\/p>\n\n\n\n<p>O pedido de autoriza\u00e7\u00e3o da Pfizer entrou em an\u00e1lise no dia 1\u00ba de agosto. Durante esse per\u00edodo, foram realizadas an\u00e1lises t\u00e9cnicas de dados e estudos cl\u00ednicos conduzidos pela fabricante. A aprova\u00e7\u00e3o da Anvisa significa que o imunizante j\u00e1 pode ser utilizado. Agora, compete ao Minist\u00e9rio da Sa\u00fade decidir sobre a incorpora\u00e7\u00e3o da vacina e estabelecer o calend\u00e1rio vacinal para a faixa et\u00e1ria.<\/p>\n\n\n\n<p>A ag\u00eancia informou que o processo de avalia\u00e7\u00e3o considerou o conhecimento de profissionais com experi\u00eancia na imuniza\u00e7\u00e3o de crian\u00e7as e foi acompanhado por especialistas de entidades m\u00e9dicas como a Associa\u00e7\u00e3o Brasileira de Sa\u00fade Coletiva (Abrasco), Sociedade Brasileira de Pneumologia e Tisiologia (SBPT), Sociedade Brasileira de Infectologia (SBI), Sociedade Brasileira de Imunologia (SBI) e Sociedade Brasileira de Pediatria (SBP).<\/p>\n\n\n\n<p><strong>Vacina\u00e7\u00e3o infantil<\/strong><\/p>\n\n\n\n<p>Segundo dados do cons\u00f3rcio de ve\u00edculos de imprensa do m\u00eas de julho, de cada tr\u00eas crian\u00e7as com idade entre 3 e 11 anos, apenas uma estava com a imuniza\u00e7\u00e3o completa e metade delas n\u00e3o haviam recebido sequer uma dose. Especialistas analisam que a situa\u00e7\u00e3o se deve \u00e0 falta de doses dispon\u00edveis, o que fez cidades interromperem a aplica\u00e7\u00e3o, e \u00e0 hesita\u00e7\u00e3o de parte dos pais.<\/p>\n\n\n\n<p><strong>Fonte: Estad\u00e3o Conte\u00fado<\/strong><\/p>\n","protected":false},"excerpt":{"rendered":"<p>A Ag\u00eancia Nacional de Vigil\u00e2ncia Sanit\u00e1ria (Anvisa) aprovou nesta sexta-feira, 16, a amplia\u00e7\u00e3o de uso da vacina Comirnaty, da Pfizer, para crian\u00e7as entre 6 meses e 4 anos de idade. O aval considerou an\u00e1lise internacional e das Sociedades Brasileiras de Imunologia e de Pediatria (SBP), entre outros \u00f3rg\u00e3os cient\u00edficos A aprova\u00e7\u00e3o permite o in\u00edcio do [&hellip;]<\/p>\n","protected":false},"author":1,"featured_media":38839,"comment_status":"open","ping_status":"open","sticky":false,"template":"","format":"standard","meta":{"beyondwords_generate_audio":"","beyondwords_project_id":"","beyondwords_podcast_id":"","beyondwords_hash":"","beyondwords_error_message":"","beyondwords_disabled":"","publish_post_to_speechkit":"","speechkit_generate_audio":"","speechkit_project_id":"","speechkit_podcast_id":"","speechkit_hash":"","speechkit_error_message":"","speechkit_disabled":"","speechkit_access_key":"","speechkit_error":"","speechkit_info":"","speechkit_response":"","speechkit_retries":"","_speechkit_link":"","_speechkit_text":""},"categories":[134,1288],"tags":[82,5379,1209,5307,344,122,178,118,350,8174,3178],"jetpack_featured_media_url":"","_links":{"self":[{"href":"https:\/\/pinews.com.br\/index.php\/wp-json\/wp\/v2\/posts\/38838"}],"collection":[{"href":"https:\/\/pinews.com.br\/index.php\/wp-json\/wp\/v2\/posts"}],"about":[{"href":"https:\/\/pinews.com.br\/index.php\/wp-json\/wp\/v2\/types\/post"}],"author":[{"embeddable":true,"href":"https:\/\/pinews.com.br\/index.php\/wp-json\/wp\/v2\/users\/1"}],"replies":[{"embeddable":true,"href":"https:\/\/pinews.com.br\/index.php\/wp-json\/wp\/v2\/comments?post=38838"}],"version-history":[{"count":0,"href":"https:\/\/pinews.com.br\/index.php\/wp-json\/wp\/v2\/posts\/38838\/revisions"}],"wp:featuredmedia":[{"embeddable":true,"href":"https:\/\/pinews.com.br\/index.php\/wp-json\/"}],"wp:attachment":[{"href":"https:\/\/pinews.com.br\/index.php\/wp-json\/wp\/v2\/media?parent=38838"}],"wp:term":[{"taxonomy":"category","embeddable":true,"href":"https:\/\/pinews.com.br\/index.php\/wp-json\/wp\/v2\/categories?post=38838"},{"taxonomy":"post_tag","embeddable":true,"href":"https:\/\/pinews.com.br\/index.php\/wp-json\/wp\/v2\/tags?post=38838"}],"curies":[{"name":"wp","href":"https:\/\/api.w.org\/{rel}","templated":true}]}}