{"id":39042,"date":"2022-09-21T19:44:36","date_gmt":"2022-09-21T22:44:36","guid":{"rendered":"https:\/\/pinews.com.br\/?p=39042"},"modified":"2022-09-21T19:44:36","modified_gmt":"2022-09-21T22:44:36","slug":"video-helicoptero-com-deputado-federal-cai-em-minas-gerais-passageiros-sobrevivem","status":"publish","type":"post","link":"https:\/\/pinews.com.br\/index.php\/2022\/09\/21\/video-helicoptero-com-deputado-federal-cai-em-minas-gerais-passageiros-sobrevivem\/","title":{"rendered":"V\u00eddeo: helic\u00f3ptero com deputado federal cai em Minas Gerais; passageiros sobrevivem"},"content":{"rendered":"\n<figure class=\"wp-block-embed is-type-rich is-provider-twitter wp-block-embed-twitter\"><div class=\"wp-block-embed__wrapper\">\n<blockquote class=\"twitter-tweet\" data-width=\"550\" data-dnt=\"true\"><p lang=\"pt\" dir=\"ltr\">V\u00eddeo: helic\u00f3ptero com deputado federal Herc\u00edlio Diniz (MDB-MG) se choca com rede el\u00e9trica e cai no interior de Minas. Ele e outras tr\u00eas pessoas sobreviveram. <a href=\"https:\/\/t.co\/SQvPv7nfTa\">pic.twitter.com\/SQvPv7nfTa<\/a><\/p>&mdash; Blog do Noblat (@BlogdoNoblat) <a href=\"https:\/\/twitter.com\/BlogdoNoblat\/status\/1572667145573773312?ref_src=twsrc%5Etfw\">September 21, 2022<\/a><\/blockquote><script async src=\"https:\/\/platform.twitter.com\/widgets.js\" charset=\"utf-8\"><\/script>\n<\/div><\/figure>\n\n\n\n<p>Um helic\u00f3ptero que levava o deputado federal Herc\u00edlio Diniz (MDB) em um compromisso de campanha no munic\u00edpio de Engenheiro Caldas (MG) caiu na tarde desta quarta-feira (21) no momento em que pousava.<\/p>\n\n\n\n<p>Segundo a equipe do deputado, todos os ocupantes da aeronave sobreviveram. Al\u00e9m de Herc\u00edlio, estavam no local o vice-prefeito do munic\u00edpio de Governador Valadares, David Barroso; o locutor Luciano Viana e o piloto, Fabiano Rufino. Todos foram levados ao hospital para passar por exames m\u00e9dicos.<\/p>\n\n\n\n<p>V\u00eddeos divulgados nas redes sociais mostram que o helic\u00f3ptero bateu em fios de rede el\u00e9trica antes de cair no ch\u00e3o.<\/p>\n\n\n\n<p>Segundo o Corpo de Bombeiros, um princ\u00edpio de inc\u00eandio foi registrado ap\u00f3s o rompimento dos cabos atingidos pelo helic\u00f3ptero. O fogo foi controlado.<\/p>\n\n\n\n<p><strong>Fonte: Folhapress<\/strong><\/p>\n","protected":false},"excerpt":{"rendered":"<p>Um helic\u00f3ptero que levava o deputado federal Herc\u00edlio Diniz (MDB) em um compromisso de campanha no munic\u00edpio de Engenheiro Caldas (MG) caiu na tarde desta quarta-feira (21) no momento em que pousava. Segundo a equipe do deputado, todos os ocupantes da aeronave sobreviveram. Al\u00e9m de Herc\u00edlio, estavam no local o vice-prefeito do munic\u00edpio de Governador [&hellip;]<\/p>\n","protected":false},"author":1,"featured_media":39043,"comment_status":"open","ping_status":"open","sticky":false,"template":"","format":"standard","meta":{"beyondwords_generate_audio":"","beyondwords_project_id":"","beyondwords_podcast_id":"","beyondwords_hash":"","beyondwords_error_message":"","beyondwords_disabled":"","publish_post_to_speechkit":"","speechkit_generate_audio":"","speechkit_project_id":"","speechkit_podcast_id":"","speechkit_hash":"","speechkit_error_message":"","speechkit_disabled":"","speechkit_access_key":"","speechkit_error":"","speechkit_info":"","speechkit_response":"","speechkit_retries":"","_speechkit_link":"","_speechkit_text":""},"categories":[134],"tags":[738,1797,46,5461,7632,9084,7633,6708,7079,67],"jetpack_featured_media_url":"","_links":{"self":[{"href":"https:\/\/pinews.com.br\/index.php\/wp-json\/wp\/v2\/posts\/39042"}],"collection":[{"href":"https:\/\/pinews.com.br\/index.php\/wp-json\/wp\/v2\/posts"}],"about":[{"href":"https:\/\/pinews.com.br\/index.php\/wp-json\/wp\/v2\/types\/post"}],"author":[{"embeddable":true,"href":"https:\/\/pinews.com.br\/index.php\/wp-json\/wp\/v2\/users\/1"}],"replies":[{"embeddable":true,"href":"https:\/\/pinews.com.br\/index.php\/wp-json\/wp\/v2\/comments?post=39042"}],"version-history":[{"count":0,"href":"https:\/\/pinews.com.br\/index.php\/wp-json\/wp\/v2\/posts\/39042\/revisions"}],"wp:featuredmedia":[{"embeddable":true,"href":"https:\/\/pinews.com.br\/index.php\/wp-json\/"}],"wp:attachment":[{"href":"https:\/\/pinews.com.br\/index.php\/wp-json\/wp\/v2\/media?parent=39042"}],"wp:term":[{"taxonomy":"category","embeddable":true,"href":"https:\/\/pinews.com.br\/index.php\/wp-json\/wp\/v2\/categories?post=39042"},{"taxonomy":"post_tag","embeddable":true,"href":"https:\/\/pinews.com.br\/index.php\/wp-json\/wp\/v2\/tags?post=39042"}],"curies":[{"name":"wp","href":"https:\/\/api.w.org\/{rel}","templated":true}]}}