{"id":39107,"date":"2022-09-22T20:05:18","date_gmt":"2022-09-22T23:05:18","guid":{"rendered":"https:\/\/pinews.com.br\/?p=39107"},"modified":"2022-09-22T20:05:18","modified_gmt":"2022-09-22T23:05:18","slug":"crianca-de-dois-anos-e-atacada-por-cao-e-fica-ferida-em-municipio-do-piaui","status":"publish","type":"post","link":"https:\/\/pinews.com.br\/index.php\/2022\/09\/22\/crianca-de-dois-anos-e-atacada-por-cao-e-fica-ferida-em-municipio-do-piaui\/","title":{"rendered":"Crian\u00e7a de dois anos \u00e9 atacada por c\u00e3o e fica ferida em munic\u00edpio do Piau\u00ed"},"content":{"rendered":"\n<p>Uma crian\u00e7a de apenas dois anos foi atacada por um c\u00e3o e ficou bastante ferida ferida. Ela teve que ser levada ao Pronto-Socorro do Hospital Regional Chagas Rodrigues com alguns ferimentos cabe\u00e7a e nos l\u00e1bios. O caso aconteceu no munic\u00edpio de Piripiri, a 170km ao Norte de Teresina. <\/p>\n\n\n\n<p>A m\u00e3e da crian\u00e7a entrou em contato com a reportagem e&nbsp;contou como ocorreu o ataque ao menino: &#8220;Fui \u00e0 lot\u00e9rica e deixei o beb\u00ea com minha irm\u00e3. Na casa dela n\u00e3o tem muro de uma casa para outra. A vizinha tem uma cachorra coloca uma corda muiito grande. A minha irm\u00e3 deu uma ma\u00e7\u00e3 pra ele e foi foi lavar roupa. A crian\u00e7a foi para o corredor e foi quando ele foi atacado&#8221;, disse a m\u00e3e.<\/p>\n\n\n\n<p>A mulher informou ainda que acredita que a cadela \u00e9 da ra\u00e7a Chow-chow. O caso foi registrado na Delegacia de Pol\u00edcia Civil. A crian\u00e7a passou por exame de corpo de delito e est\u00e1 fora de risco. <\/p>\n\n\n\n<p><strong>Fonte: 180 Graus\/ As informa\u00e7\u00f5es s\u00e3o do Piripiri Rep\u00f3rter<\/strong><\/p>\n","protected":false},"excerpt":{"rendered":"<p>Uma crian\u00e7a de apenas dois anos foi atacada por um c\u00e3o e ficou bastante ferida ferida. Ela teve que ser levada ao Pronto-Socorro do Hospital Regional Chagas Rodrigues com alguns ferimentos cabe\u00e7a e nos l\u00e1bios. O caso aconteceu no munic\u00edpio de Piripiri, a 170km ao Norte de Teresina. A m\u00e3e da crian\u00e7a entrou em contato [&hellip;]<\/p>\n","protected":false},"author":1,"featured_media":39108,"comment_status":"open","ping_status":"open","sticky":false,"template":"","format":"standard","meta":{"beyondwords_generate_audio":"","beyondwords_project_id":"","beyondwords_podcast_id":"","beyondwords_hash":"","beyondwords_error_message":"","beyondwords_disabled":"","publish_post_to_speechkit":"","speechkit_generate_audio":"","speechkit_project_id":"","speechkit_podcast_id":"","speechkit_hash":"","speechkit_error_message":"","speechkit_disabled":"","speechkit_access_key":"","speechkit_error":"","speechkit_info":"","speechkit_response":"","speechkit_retries":"","_speechkit_link":"","_speechkit_text":""},"categories":[51],"tags":[82,6721,6063,221,44,106,72,46,554,160,50,52,59],"jetpack_featured_media_url":"","_links":{"self":[{"href":"https:\/\/pinews.com.br\/index.php\/wp-json\/wp\/v2\/posts\/39107"}],"collection":[{"href":"https:\/\/pinews.com.br\/index.php\/wp-json\/wp\/v2\/posts"}],"about":[{"href":"https:\/\/pinews.com.br\/index.php\/wp-json\/wp\/v2\/types\/post"}],"author":[{"embeddable":true,"href":"https:\/\/pinews.com.br\/index.php\/wp-json\/wp\/v2\/users\/1"}],"replies":[{"embeddable":true,"href":"https:\/\/pinews.com.br\/index.php\/wp-json\/wp\/v2\/comments?post=39107"}],"version-history":[{"count":0,"href":"https:\/\/pinews.com.br\/index.php\/wp-json\/wp\/v2\/posts\/39107\/revisions"}],"wp:featuredmedia":[{"embeddable":true,"href":"https:\/\/pinews.com.br\/index.php\/wp-json\/"}],"wp:attachment":[{"href":"https:\/\/pinews.com.br\/index.php\/wp-json\/wp\/v2\/media?parent=39107"}],"wp:term":[{"taxonomy":"category","embeddable":true,"href":"https:\/\/pinews.com.br\/index.php\/wp-json\/wp\/v2\/categories?post=39107"},{"taxonomy":"post_tag","embeddable":true,"href":"https:\/\/pinews.com.br\/index.php\/wp-json\/wp\/v2\/tags?post=39107"}],"curies":[{"name":"wp","href":"https:\/\/api.w.org\/{rel}","templated":true}]}}