{"id":39226,"date":"2022-09-25T12:00:13","date_gmt":"2022-09-25T15:00:13","guid":{"rendered":"https:\/\/pinews.com.br\/?p=39226"},"modified":"2022-09-25T12:00:13","modified_gmt":"2022-09-25T15:00:13","slug":"policia-queima-plantacao-com-170-mil-pes-de-maconha-no-piaui","status":"publish","type":"post","link":"https:\/\/pinews.com.br\/index.php\/2022\/09\/25\/policia-queima-plantacao-com-170-mil-pes-de-maconha-no-piaui\/","title":{"rendered":"Pol\u00edcia queima planta\u00e7\u00e3o com 170 mil p\u00e9s de maconha no Piau\u00ed"},"content":{"rendered":"\n<p>Foi queimada, na tarde de s\u00e1bado (24), a planta\u00e7\u00e3o de 170 mil p\u00e9s de maconha descoberta pela Pol\u00edcia Militar do Piau\u00ed (PM-PI), na sexta-feira (23), em Campinas do Piau\u00ed, 414 km ao Sul de Teresina. O helic\u00f3ptero da PM sobrevoou o local e foram registradas imagens do momento da incinera\u00e7\u00e3o.<\/p>\n\n\n\n<p>Ao g1, o comandante do 4\u00ba Batalh\u00e3o da PM, major Estanislau Felipe, informou que foram necess\u00e1rios um trator e 45 pessoas, entre policiais e ajudantes, para conseguir derrubar a planta\u00e7\u00e3o.<\/p>\n\n\n\n<figure class=\"wp-block-image\"><img decoding=\"async\" src=\"https:\/\/s2.glbimg.com\/-apSZwcSrN2Iwv8Lu5jaqLt8yGk=\/0x0:1904x522\/1008x0\/smart\/filters:strip_icc()\/i.s3.glbimg.com\/v1\/AUTH_59edd422c0c84a879bd37670ae4f538a\/internal_photos\/bs\/2022\/3\/A\/fBnwO9QgeM9E89uLD7jg\/depoisantesplantacao.jpg\" alt=\"Pol\u00edcia queima planta\u00e7\u00e3o com 170 mil p\u00e9s de maconha em Campinas do Piau\u00ed \u2014 Foto: Divulga\u00e7\u00e3o\/PM\"\/><figcaption>Pol\u00edcia queima planta\u00e7\u00e3o com 170 mil p\u00e9s de maconha em Campinas do Piau\u00ed \u2014 Foto: Divulga\u00e7\u00e3o\/PM<\/figcaption><\/figure>\n\n\n\n<blockquote class=\"wp-block-quote\"><p>&#8220;Ainda sobrou servi\u00e7o para hoje, domingo. Uma equipe ficou l\u00e1 para terminar a queima. Nas imagens de s\u00e1bado (acima) ainda \u00e9 poss\u00edvel ver uma parte da planta\u00e7\u00e3o intacta&#8221;, contou o comandante.<\/p><\/blockquote>\n\n\n\n<p>O major afirmou que nenhuma pris\u00e3o foi realizada at\u00e9 o momento e que o dono do terreno ainda n\u00e3o foi localizado. &#8220;Ainda n\u00e3o conseguimos prender ningu\u00e9m. Conjecturas levam a crer que eles possu\u00edam um sistema de informa\u00e7\u00e3o que deu conta da aproxima\u00e7\u00e3o da pol\u00edcia e fugiram&#8221;, disse.<\/p>\n\n\n\n<p>O caso ser\u00e1 investigado pela Delegacia Regional de Pol\u00edcia Civil em Simpl\u00edcio Mendes.<\/p>\n\n\n\n<h2>Planta\u00e7\u00e3o foi descoberta durante voo<\/h2>\n\n\n\n<figure class=\"wp-block-image\"><img decoding=\"async\" src=\"https:\/\/s2.glbimg.com\/4VKViRyjQezNKWixDW77tZWcwDM=\/0x0:1600x900\/984x0\/smart\/filters:strip_icc()\/i.s3.glbimg.com\/v1\/AUTH_59edd422c0c84a879bd37670ae4f538a\/internal_photos\/bs\/2022\/q\/n\/g4INXYRiGKAMRBIZBjDQ\/maconha.jpg\" alt=\"Planta\u00e7\u00e3o de maconha \u00e9 descoberta no Sul do Piau\u00ed \u2014 Foto: Divulga\u00e7\u00e3o\/PM-PI\"\/><figcaption>Planta\u00e7\u00e3o de maconha \u00e9 descoberta no Sul do Piau\u00ed \u2014 Foto: Divulga\u00e7\u00e3o\/PM-PI<\/figcaption><\/figure>\n\n\n\n<p>Na sexta, durante um voo, policiais avistaram a planta\u00e7\u00e3o em um terreno com 200 mil metros quadrados e \u00e0s margens do Rio Canind\u00e9, de onde foram instalados canos de irriga\u00e7\u00e3o.<\/p>\n\n\n\n<p>O major Felipe informou que o Servi\u00e7o de Intelig\u00eancia da PM havia recebido informa\u00e7\u00f5es sobre o cultivo ilegal, mas havia dificuldade de acesso ao local. &#8220;S\u00f3 conseguimos confirmar a presen\u00e7a da planta\u00e7\u00e3o com apoio da aeronave&#8221;, afirmou.<\/p>\n\n\n\n<figure class=\"wp-block-image\"><img decoding=\"async\" src=\"https:\/\/s2.glbimg.com\/7V0Ng7LlHgx_qBXnhQUldBrSKbA=\/0x282:900x1489\/984x0\/smart\/filters:strip_icc()\/i.s3.glbimg.com\/v1\/AUTH_59edd422c0c84a879bd37670ae4f538a\/internal_photos\/bs\/2022\/t\/3\/mqHWeUQaAbTksFuUAjQA\/droga.jpg\" alt=\"Maconha armazenada encontrada em terreno no Piau\u00ed \u2014 Foto: Divulga\u00e7\u00e3o\/PM-PI\"\/><figcaption>Maconha armazenada encontrada em terreno no Piau\u00ed \u2014 Foto: Divulga\u00e7\u00e3o\/PM-PI<\/figcaption><\/figure>\n\n\n\n<p>A a\u00e7\u00e3o contou tamb\u00e9m com tropas terrestres do 4\u00ba Batalh\u00e3o de Picos e da Companhia de Simpl\u00edcio Mendes. Ao perceber a aproxima\u00e7\u00e3o dos policiais, pessoas que estavam no local fugiram pela mata.<\/p>\n\n\n\n<p>&#8220;Acreditamos que muitas pessoas trabalhavam ali, porque tinham v\u00e1rios acompanhamentos e uma casa. A planta\u00e7\u00e3o estava bem avan\u00e7ada, possivelmente nos pr\u00f3ximos dias haveria a colheita. Mas tinha muito maconha j\u00e1 armazenada&#8221;, relatou o major.<\/p>\n\n\n\n<p><strong>Fonte: G1 PI <\/strong><\/p>\n","protected":false},"excerpt":{"rendered":"<p>Foi queimada, na tarde de s\u00e1bado (24), a planta\u00e7\u00e3o de 170 mil p\u00e9s de maconha descoberta pela Pol\u00edcia Militar do Piau\u00ed (PM-PI), na sexta-feira (23), em Campinas do Piau\u00ed, 414 km ao Sul de Teresina. O helic\u00f3ptero da PM sobrevoou o local e foram registradas imagens do momento da incinera\u00e7\u00e3o. Ao g1, o comandante do [&hellip;]<\/p>\n","protected":false},"author":1,"featured_media":39227,"comment_status":"open","ping_status":"open","sticky":false,"template":"","format":"standard","meta":{"beyondwords_generate_audio":"","beyondwords_project_id":"","beyondwords_podcast_id":"","beyondwords_hash":"","beyondwords_error_message":"","beyondwords_disabled":"","publish_post_to_speechkit":"","speechkit_generate_audio":"","speechkit_project_id":"","speechkit_podcast_id":"","speechkit_hash":"","speechkit_error_message":"","speechkit_disabled":"","speechkit_access_key":"","speechkit_error":"","speechkit_info":"","speechkit_response":"","speechkit_retries":"","_speechkit_link":"","_speechkit_text":""},"categories":[51,78],"tags":[8638,44,465,109,919,52,920,466,6963],"jetpack_featured_media_url":"","_links":{"self":[{"href":"https:\/\/pinews.com.br\/index.php\/wp-json\/wp\/v2\/posts\/39226"}],"collection":[{"href":"https:\/\/pinews.com.br\/index.php\/wp-json\/wp\/v2\/posts"}],"about":[{"href":"https:\/\/pinews.com.br\/index.php\/wp-json\/wp\/v2\/types\/post"}],"author":[{"embeddable":true,"href":"https:\/\/pinews.com.br\/index.php\/wp-json\/wp\/v2\/users\/1"}],"replies":[{"embeddable":true,"href":"https:\/\/pinews.com.br\/index.php\/wp-json\/wp\/v2\/comments?post=39226"}],"version-history":[{"count":0,"href":"https:\/\/pinews.com.br\/index.php\/wp-json\/wp\/v2\/posts\/39226\/revisions"}],"wp:featuredmedia":[{"embeddable":true,"href":"https:\/\/pinews.com.br\/index.php\/wp-json\/"}],"wp:attachment":[{"href":"https:\/\/pinews.com.br\/index.php\/wp-json\/wp\/v2\/media?parent=39226"}],"wp:term":[{"taxonomy":"category","embeddable":true,"href":"https:\/\/pinews.com.br\/index.php\/wp-json\/wp\/v2\/categories?post=39226"},{"taxonomy":"post_tag","embeddable":true,"href":"https:\/\/pinews.com.br\/index.php\/wp-json\/wp\/v2\/tags?post=39226"}],"curies":[{"name":"wp","href":"https:\/\/api.w.org\/{rel}","templated":true}]}}