{"id":39241,"date":"2022-09-25T17:01:42","date_gmt":"2022-09-25T20:01:42","guid":{"rendered":"https:\/\/pinews.com.br\/?p=39241"},"modified":"2022-09-25T17:01:42","modified_gmt":"2022-09-25T20:01:42","slug":"homem-e-morto-com-nove-tiros-no-piaui-quatro-na-regiao-da-cabeca","status":"publish","type":"post","link":"https:\/\/pinews.com.br\/index.php\/2022\/09\/25\/homem-e-morto-com-nove-tiros-no-piaui-quatro-na-regiao-da-cabeca\/","title":{"rendered":"Homem \u00e9 morto com nove tiros no Piau\u00ed; quatro na regi\u00e3o da cabe\u00e7a"},"content":{"rendered":"\n<p>Um homem identificado como &#8220;<em>Gabriel P\u00e9 de Pato<\/em>&#8220;, de 20 anos, foi executado no bairro Parque Brasil III, zona Norte de Teresina, neste domingo (25), com pelo menos nove tiros, segundo a Pol\u00edcia Civil.<\/p>\n\n\n\n<p>De acordo com informa\u00e7\u00f5es preliminares, das nove balas que atingiram o jovem, quatro foram na regi\u00e3o da cabe\u00e7a.<\/p>\n\n\n\n<p>De acordo com informa\u00e7\u00f5es divulgadas pela Pol\u00edcia Civil, atrav\u00e9s da Delegacia de Homic\u00eddios e Prote\u00e7\u00e3o \u00e0 Pessoa (DHHP), a v\u00edtima tinha passagem pela justi\u00e7a e j\u00e1 foi preso. As investiga\u00e7\u00f5es permanecem em andamento.<\/p>\n\n\n\n<p>&#8220;\u00c9 um rapaz de 20 anos e sabemos que ele tem passagem pela Justi\u00e7a, j\u00e1 foi preso. Agora o que a gente vai fazer \u00e9 fazer um levantamento melhor dessas informa\u00e7\u00f5es, saber a quantidade de passagens, quais os crimes, para a gente dar in\u00edcio \u00e0s investiga\u00e7\u00f5es&#8221;, disse o delegado Bruno Ursulino.<\/p>\n\n\n\n<p><img decoding=\"async\" loading=\"lazy\" width=\"960\" height=\"1280\" alt=\"V\u00edtima foi executada com pelo menos nove tiros. Cr\u00e9dito: Reprodu\u00e7\u00e3o\/WhatsApp.\" src=\"https:\/\/static.meionorte.com\/uploads\/imagens\/2022\/9\/25\/homem-89a98b69-20f3-4288-9a8a-a09b420dbb57.jpg\">V\u00edtima foi executada com pelo menos nove tiros. Cr\u00e9dito: Reprodu\u00e7\u00e3o\/WhatsApp.<\/p>\n\n\n\n<p>O corpo foi removido pelo Instituto M\u00e9dico Legal (IML), al\u00e9m disso, a per\u00edcia recolheu amostras dos proj\u00e9teis utilizados para o assassinato.<\/p>\n\n\n\n<p>Esse \u00e9 o segundo homic\u00eddio registrado nesse domingo na zona norte de Teresina. O primeiro caso ocorreu pr\u00f3ximo \u00e0 Avenida Boa Esperan\u00e7a, regi\u00e3o do bairro S\u00e3o Joaquim.<\/p>\n\n\n\n<p>Um jovem foi encontrado por populares com v\u00e1rias marcas de tiros pelo corpo. Ele n\u00e3o foi identificado e nem reconhecido por moradores da \u00e1rea. <\/p>\n\n\n\n<p>O local foi isolado pela Pol\u00edcia Militar e a Per\u00edcia Criminal acionada para realizar os procedimentos necess\u00e1rios. Em seguida, o corpo foi recolhido pelo Instituto M\u00e9dico Legal (IML).<\/p>\n\n\n\n<p><strong>Fonte: Meio Norte <\/strong><\/p>\n","protected":false},"excerpt":{"rendered":"<p>Um homem identificado como &#8220;Gabriel P\u00e9 de Pato&#8220;, de 20 anos, foi executado no bairro Parque Brasil III, zona Norte de Teresina, neste domingo (25), com pelo menos nove tiros, segundo a Pol\u00edcia Civil. De acordo com informa\u00e7\u00f5es preliminares, das nove balas que atingiram o jovem, quatro foram na regi\u00e3o da cabe\u00e7a. De acordo com [&hellip;]<\/p>\n","protected":false},"author":1,"featured_media":39242,"comment_status":"open","ping_status":"open","sticky":false,"template":"","format":"standard","meta":{"beyondwords_generate_audio":"","beyondwords_project_id":"","beyondwords_podcast_id":"","beyondwords_hash":"","beyondwords_error_message":"","beyondwords_disabled":"","publish_post_to_speechkit":"","speechkit_generate_audio":"","speechkit_project_id":"","speechkit_podcast_id":"","speechkit_hash":"","speechkit_error_message":"","speechkit_disabled":"","speechkit_access_key":"","speechkit_error":"","speechkit_info":"","speechkit_response":"","speechkit_retries":"","_speechkit_link":"","_speechkit_text":""},"categories":[51,78,81],"tags":[750,122,72,84,197,91,5371,52,772,203,1024],"jetpack_featured_media_url":"","_links":{"self":[{"href":"https:\/\/pinews.com.br\/index.php\/wp-json\/wp\/v2\/posts\/39241"}],"collection":[{"href":"https:\/\/pinews.com.br\/index.php\/wp-json\/wp\/v2\/posts"}],"about":[{"href":"https:\/\/pinews.com.br\/index.php\/wp-json\/wp\/v2\/types\/post"}],"author":[{"embeddable":true,"href":"https:\/\/pinews.com.br\/index.php\/wp-json\/wp\/v2\/users\/1"}],"replies":[{"embeddable":true,"href":"https:\/\/pinews.com.br\/index.php\/wp-json\/wp\/v2\/comments?post=39241"}],"version-history":[{"count":0,"href":"https:\/\/pinews.com.br\/index.php\/wp-json\/wp\/v2\/posts\/39241\/revisions"}],"wp:featuredmedia":[{"embeddable":true,"href":"https:\/\/pinews.com.br\/index.php\/wp-json\/"}],"wp:attachment":[{"href":"https:\/\/pinews.com.br\/index.php\/wp-json\/wp\/v2\/media?parent=39241"}],"wp:term":[{"taxonomy":"category","embeddable":true,"href":"https:\/\/pinews.com.br\/index.php\/wp-json\/wp\/v2\/categories?post=39241"},{"taxonomy":"post_tag","embeddable":true,"href":"https:\/\/pinews.com.br\/index.php\/wp-json\/wp\/v2\/tags?post=39241"}],"curies":[{"name":"wp","href":"https:\/\/api.w.org\/{rel}","templated":true}]}}