{"id":39244,"date":"2022-09-25T21:12:50","date_gmt":"2022-09-26T00:12:50","guid":{"rendered":"https:\/\/pinews.com.br\/?p=39244"},"modified":"2022-09-25T21:12:50","modified_gmt":"2022-09-26T00:12:50","slug":"mae-impede-aborto-de-filha-estuprada-pela-segunda-vez-no-piaui","status":"publish","type":"post","link":"https:\/\/pinews.com.br\/index.php\/2022\/09\/25\/mae-impede-aborto-de-filha-estuprada-pela-segunda-vez-no-piaui\/","title":{"rendered":"M\u00e3e impede aborto de filha estuprada pela segunda vez no Piau\u00ed"},"content":{"rendered":"\n<p>A m\u00e3e da menina de 11 anos, que foi estuprada pela segunda vez e espera o seu segundo filho, Ana Carolina de Sousa Lima,  declarou neste domingo (25), que n\u00e3o autorizou que o aborto seja feito e recebeu uma procura\u00e7\u00e3o para que o procedimento n\u00e3o aconte\u00e7a. <\/p>\n\n\n\n<p>Em entrevista ao Meionorte.com, ela declarou que sua inten\u00e7\u00e3o \u00e9 fazer com que o abusador possa assumir a responsabilidade de criar e manter a crian\u00e7a. Sobre a situa\u00e7\u00e3o da filha, Ana Carolina disse que a garota segue em um abrigo especializado para gestantes e que n\u00e3o tem maiores informa\u00e7\u00f5es sobre a filha.<\/p>\n\n\n\n<p>\u201cEu consegui duas advogadas para me acompanhar nesse caso e estou sendo acompanhada por duas psic\u00f3logas, uma do Rio de Janeiro e outra aqui de Teresina, por isso dei entrada com o pedido na Justi\u00e7a para ela n\u00e3o realizar o aborto e consegui uma procura\u00e7\u00e3o para ela continuar com a gravidez. O processo do estupro vai seguir, mas j\u00e1 que quem fez isso com ela foi o tio dela e quero que ele assuma a responsabilidade\u201d, declarou.<\/p>\n\n\n\n<p>O acusado de cometer o estupro de vulner\u00e1vel ainda n\u00e3o foi preso. O caso do estupro foi denunciado para a Pol\u00edcia Civil no dia 9 de setembro e a Delegacia de Prote\u00e7\u00e3o \u00e0 Crian\u00e7a e ao Adolescente (DPCA) assumiu a investiga\u00e7\u00e3o.<\/p>\n\n\n\n<p><strong>Primeira gesta\u00e7\u00e3o<\/strong><\/p>\n\n\n\n<p>A crian\u00e7a engravidou pela primeira vez ainda em 2021, v\u00edtima de estupro. Na \u00e9poca, familiares disseram que o suspeito do estupro era um primo dela, que foi assassinado pouco tempo depois do crime. N\u00e3o h\u00e1 informa\u00e7\u00f5es sobre a autoria nem a motiva\u00e7\u00e3o do homic\u00eddio.<\/p>\n\n\n\n<p>A primeira gesta\u00e7\u00e3o foi levada at\u00e9 o fim, por op\u00e7\u00e3o da fam\u00edlia. A fam\u00edlia tamb\u00e9m n\u00e3o pretende solicitar o aborto legal desta segunda gesta\u00e7\u00e3o, mesmo sendo permitido pela justi\u00e7a em casos de estupro.<\/p>\n\n\n\n<p><strong>Fonte: Meio Norte <\/strong><\/p>\n","protected":false},"excerpt":{"rendered":"<p>A m\u00e3e da menina de 11 anos, que foi estuprada pela segunda vez e espera o seu segundo filho, Ana Carolina de Sousa Lima, declarou neste domingo (25), que n\u00e3o autorizou que o aborto seja feito e recebeu uma procura\u00e7\u00e3o para que o procedimento n\u00e3o aconte\u00e7a. Em entrevista ao Meionorte.com, ela declarou que sua inten\u00e7\u00e3o [&hellip;]<\/p>\n","protected":false},"author":1,"featured_media":39245,"comment_status":"open","ping_status":"open","sticky":false,"template":"","format":"standard","meta":{"beyondwords_generate_audio":"","beyondwords_project_id":"","beyondwords_podcast_id":"","beyondwords_hash":"","beyondwords_error_message":"","beyondwords_disabled":"","publish_post_to_speechkit":"","speechkit_generate_audio":"","speechkit_project_id":"","speechkit_podcast_id":"","speechkit_hash":"","speechkit_error_message":"","speechkit_disabled":"","speechkit_access_key":"","speechkit_error":"","speechkit_info":"","speechkit_response":"","speechkit_retries":"","_speechkit_link":"","_speechkit_text":""},"categories":[51,81],"tags":[8190,44,5554,358,8275,117,103,52,5589,6198],"jetpack_featured_media_url":"","_links":{"self":[{"href":"https:\/\/pinews.com.br\/index.php\/wp-json\/wp\/v2\/posts\/39244"}],"collection":[{"href":"https:\/\/pinews.com.br\/index.php\/wp-json\/wp\/v2\/posts"}],"about":[{"href":"https:\/\/pinews.com.br\/index.php\/wp-json\/wp\/v2\/types\/post"}],"author":[{"embeddable":true,"href":"https:\/\/pinews.com.br\/index.php\/wp-json\/wp\/v2\/users\/1"}],"replies":[{"embeddable":true,"href":"https:\/\/pinews.com.br\/index.php\/wp-json\/wp\/v2\/comments?post=39244"}],"version-history":[{"count":0,"href":"https:\/\/pinews.com.br\/index.php\/wp-json\/wp\/v2\/posts\/39244\/revisions"}],"wp:featuredmedia":[{"embeddable":true,"href":"https:\/\/pinews.com.br\/index.php\/wp-json\/"}],"wp:attachment":[{"href":"https:\/\/pinews.com.br\/index.php\/wp-json\/wp\/v2\/media?parent=39244"}],"wp:term":[{"taxonomy":"category","embeddable":true,"href":"https:\/\/pinews.com.br\/index.php\/wp-json\/wp\/v2\/categories?post=39244"},{"taxonomy":"post_tag","embeddable":true,"href":"https:\/\/pinews.com.br\/index.php\/wp-json\/wp\/v2\/tags?post=39244"}],"curies":[{"name":"wp","href":"https:\/\/api.w.org\/{rel}","templated":true}]}}