{"id":39326,"date":"2022-09-27T20:49:43","date_gmt":"2022-09-27T23:49:43","guid":{"rendered":"https:\/\/pinews.com.br\/?p=39326"},"modified":"2022-09-27T20:49:43","modified_gmt":"2022-09-27T23:49:43","slug":"agespisa-e-condenada-a-restituir-moradores-por-cobranca-ilegal-de-tarifa-em-cidade-no-piaui","status":"publish","type":"post","link":"https:\/\/pinews.com.br\/index.php\/2022\/09\/27\/agespisa-e-condenada-a-restituir-moradores-por-cobranca-ilegal-de-tarifa-em-cidade-no-piaui\/","title":{"rendered":"Agespisa \u00e9 condenada a restituir moradores por cobran\u00e7a ilegal de tarifa em cidade no Piau\u00ed"},"content":{"rendered":"\n<p>O juiz Markus Calado Schultz, da Vara \u00danica da Comarca de Uru\u00e7u\u00ed, anulou a cobran\u00e7a de uma tarifa de manuten\u00e7\u00e3o de hidr\u00f4metro que era realizada pela Agespisa no munic\u00edpio, por considerar ela ilegal, e ainda condenou a empresa a restituir em dobro os valores cobrados indevidamente dos consumidores do munic\u00edpio. A decis\u00e3o \u00e9 do dia 17 de setembro deste ano.<\/p>\n\n\n\n<p>O Minist\u00e9rio P\u00fablico ingressou com uma A\u00e7\u00e3o Civil P\u00fablica contra a Agespisa alegando que em Uru\u00e7u\u00ed, a 459 km de Teresina, estaria ocorrendo uma cobran\u00e7a mensal dos consumidores de uma tarifa de manuten\u00e7\u00e3o de hidr\u00f4metro, o que \u00e9 feito de forma compuls\u00f3ria e independentemente de o consumidor ter o seu hidr\u00f4metro substitu\u00eddo ou reparado.<\/p>\n\n\n\n<p>Segundo o MP, cobran\u00e7a \u00e9 abusiva e ilegal, porque estaria sendo realizada mesmo sem a presta\u00e7\u00e3o efetiva do servi\u00e7o. \u201cA manuten\u00e7\u00e3o dos hidr\u00f4metros \u00e9 obriga\u00e7\u00e3o do demandado, como consequ\u00eancia da adequa\u00e7\u00e3o, efici\u00eancia e qualidade da presta\u00e7\u00e3o do servi\u00e7o p\u00fablico de fornecimento de \u00e1gua\u201d, afirmou.<\/p>\n\n\n\n<p>O Minist\u00e9rio P\u00fablico disse que a cobran\u00e7a acontecia desde 2016, mas ainda no ano de 2020 conseguiu uma liminar suspendendo a cobran\u00e7a at\u00e9 que o caso fosse julgado. O \u00f3rg\u00e3o pediu pela causa um valor de R$ 200 mil pela cobran\u00e7a.<\/p>\n\n\n\n<p>\u201cA Agespisa cobra mensalmente da popula\u00e7\u00e3o uru\u00e7uiense pelo servi\u00e7o de manuten\u00e7\u00e3o do hidr\u00f4metro o valor m\u00ednimo de R$ 1,60\/m\u00eas, ora, a popula\u00e7\u00e3o estimada de Uru\u00e7u\u00ed \u00e9 de 21.655 pessoas, ent\u00e3o considerando o per\u00edodo de tempo em que \u00e9 cobrado ilegalmente tal servi\u00e7o, o valor estabelecido na exordial \u00e9, no m\u00ednimo, razo\u00e1vel\u201d, afirmou o \u00f3rg\u00e3o.<\/p>\n\n\n\n<p>O juiz Markus Calado afirmou na decis\u00e3o que a empresa estava cobrando por um servi\u00e7o que \u00e9 sua responsabilidade, ent\u00e3o decidiu declarar a nulidade da cobran\u00e7a da tarifa de manuten\u00e7\u00e3o de hidr\u00f4metro, e condenou a Agespisa a restituir os valores indevidamente cobrados dos consumidores, de forma dobrada.<\/p>\n\n\n\n<p>\u201cO servi\u00e7o de manuten\u00e7\u00e3o de hidr\u00f4metro n\u00e3o ocorre com regularidade, n\u00e3o observa periodicidade, depende de eventual surgimento de problemas no aparelho. Assim, a cobran\u00e7a de um valor fixo mensal n\u00e3o guarda compatibilidade com a natureza da cobran\u00e7a, n\u00e3o havendo exata rela\u00e7\u00e3o entre a cobran\u00e7a e a efetiva presta\u00e7\u00e3o de servi\u00e7o\u201d, destacou o juiz na decis\u00e3o.<\/p>\n\n\n\n<p><strong>Agespisa se manifesta<\/strong><\/p>\n\n\n\n<p>O <em>Cidadeverde.com<\/em> entrou em contato com a assessoria da Agespisa que informou que ainda n\u00e3o foi notificada oficialmente e que ir\u00e1 recorrer da decis\u00e3o.<\/p>\n\n\n\n<p><strong>Fonte: B\u00e1rbara Rodrigues\/ Cidade Verde <\/strong><\/p>\n","protected":false},"excerpt":{"rendered":"<p>O juiz Markus Calado Schultz, da Vara \u00danica da Comarca de Uru\u00e7u\u00ed, anulou a cobran\u00e7a de uma tarifa de manuten\u00e7\u00e3o de hidr\u00f4metro que era realizada pela Agespisa no munic\u00edpio, por considerar ela ilegal, e ainda condenou a empresa a restituir em dobro os valores cobrados indevidamente dos consumidores do munic\u00edpio. A decis\u00e3o \u00e9 do dia [&hellip;]<\/p>\n","protected":false},"author":1,"featured_media":39327,"comment_status":"open","ping_status":"open","sticky":false,"template":"","format":"standard","meta":{"beyondwords_generate_audio":"","beyondwords_project_id":"","beyondwords_podcast_id":"","beyondwords_hash":"","beyondwords_error_message":"","beyondwords_disabled":"","publish_post_to_speechkit":"","speechkit_generate_audio":"","speechkit_project_id":"","speechkit_podcast_id":"","speechkit_hash":"","speechkit_error_message":"","speechkit_disabled":"","speechkit_access_key":"","speechkit_error":"","speechkit_info":"","speechkit_response":"","speechkit_retries":"","_speechkit_link":"","_speechkit_text":""},"categories":[51],"tags":[2241,63,817,10113,44,72,46,101,2020,52,59,10839,6808],"jetpack_featured_media_url":"","_links":{"self":[{"href":"https:\/\/pinews.com.br\/index.php\/wp-json\/wp\/v2\/posts\/39326"}],"collection":[{"href":"https:\/\/pinews.com.br\/index.php\/wp-json\/wp\/v2\/posts"}],"about":[{"href":"https:\/\/pinews.com.br\/index.php\/wp-json\/wp\/v2\/types\/post"}],"author":[{"embeddable":true,"href":"https:\/\/pinews.com.br\/index.php\/wp-json\/wp\/v2\/users\/1"}],"replies":[{"embeddable":true,"href":"https:\/\/pinews.com.br\/index.php\/wp-json\/wp\/v2\/comments?post=39326"}],"version-history":[{"count":0,"href":"https:\/\/pinews.com.br\/index.php\/wp-json\/wp\/v2\/posts\/39326\/revisions"}],"wp:featuredmedia":[{"embeddable":true,"href":"https:\/\/pinews.com.br\/index.php\/wp-json\/"}],"wp:attachment":[{"href":"https:\/\/pinews.com.br\/index.php\/wp-json\/wp\/v2\/media?parent=39326"}],"wp:term":[{"taxonomy":"category","embeddable":true,"href":"https:\/\/pinews.com.br\/index.php\/wp-json\/wp\/v2\/categories?post=39326"},{"taxonomy":"post_tag","embeddable":true,"href":"https:\/\/pinews.com.br\/index.php\/wp-json\/wp\/v2\/tags?post=39326"}],"curies":[{"name":"wp","href":"https:\/\/api.w.org\/{rel}","templated":true}]}}