{"id":39351,"date":"2022-09-28T20:21:06","date_gmt":"2022-09-28T23:21:06","guid":{"rendered":"https:\/\/pinews.com.br\/?p=39351"},"modified":"2022-09-28T20:21:06","modified_gmt":"2022-09-28T23:21:06","slug":"mae-mata-filhas-envenenadas-afogadas-e-depois-a-facadas","status":"publish","type":"post","link":"https:\/\/pinews.com.br\/index.php\/2022\/09\/28\/mae-mata-filhas-envenenadas-afogadas-e-depois-a-facadas\/","title":{"rendered":"M\u00e3e mata filhas envenenadas, afogadas e depois a facadas"},"content":{"rendered":"\n<p>Uma mulher de 30 anos admitiu \u00e0 Pol\u00edcia Militar ter matado as duas filhas, de 6 e 10 anos, na \u00e1rea de sua casa, em Ed\u00e9ia, no sul de Goi\u00e1s, a 129 km de Goi\u00e2nia, na manh\u00e3 de ter\u00e7a-feira (27\/9). Segundo o delegado Daniel Moura, ao ser presa em uma mata, Izadora Alves de Faria afirmou ter envenenado, afogado e depois ter dado uma facada na filha ca\u00e7ula, Maria Alice, e outra na primog\u00eanita, Lav\u00ednia.<\/p>\n\n\n\n<p>De acordo com a investiga\u00e7\u00e3o, o crime foi praticado por volta das 9h. O pai das meninas encontrou os corpos na \u00e1rea ao chegar \u00e0 casa no hor\u00e1rio do almo\u00e7o. A mulher foi presa \u00e0s 22h em uma mata fora da cidade, e foi levada para um hospital, de onde recebeu alta nesta quarta-feira (28\/9). Ela deve ser interrogada na delegacia ao longo do dia.<\/p>\n\n\n\n<p>O delegado disse ao Metr\u00f3poles que na casa havia um frasco de veneno para rato aberto e outro fechado, uma caixa d\u2019\u00e1gua cheia com uma extens\u00e3o el\u00e9trica ligada dentro, como se a acusada tivesse a inten\u00e7\u00e3o de eletrocutar as filhas. A mulher n\u00e3o disse a motiva\u00e7\u00e3o do crime ao ser presa.<\/p>\n\n\n\n<p>\u201cOs corpos das v\u00edtimas estavam na \u00e1rea da frente da casa, em cima de um colch\u00e3o e cobertos por um len\u00e7ol, com sinais de les\u00e3o por arma branca [faca]. Cada uma estava com um ferimento na regi\u00e3o do t\u00f3rax\u201d, afirmou o delegado. O casal vivia na resid\u00eancia com as crian\u00e7as.<\/p>\n\n\n\n<p>De acordo com Moura, o pai das meninas encontrou as duas mortas ao chegar em casa para levar alimentos. \u201cEle est\u00e1 totalmente abalado por causa das circunst\u00e2ncias do crime. Est\u00e1 perplexo\u201d, contou o delegado.<\/p>\n\n\n\n<p>\u201cEle [o pai] se deparou com o port\u00e3o trancado, mas disse que estranhou porque tinha deixado o port\u00e3o aberto. Ela [Izadora] n\u00e3o respondeu, e ele ficou meia hora chamando do lado de fora. Quando conseguiu entrar, ele viu na \u00e1rea um colch\u00e3o e um cobertor por cima. Ao perceber os sinais de sangue, tirou o cobertor e viu as duas filhas mortas\u201d, relatou Moura.<\/p>\n\n\n\n<p>O delegado diz que a linha de investiga\u00e7\u00e3o est\u00e1 bem adiantada, considerando a forma como o crime foi praticado e \u201ca faca utilizada para matar as meninas\u201d. Moradores relataram aos policiais que a rela\u00e7\u00e3o do casal era \u201cconturbada\u201d e que ela havia iniciado tratamento psicol\u00f3gico, mas que suspendeu h\u00e1 alguns meses.<\/p>\n\n\n\n<p>A pol\u00edcia deve ouvir mais testemunhas para concluir a investiga\u00e7\u00e3o. \u201cCaso n\u00e3o surja algum fato novo e a situa\u00e7\u00e3o se desenrole no caminho de investiga\u00e7\u00e3o tra\u00e7ada, a m\u00e3e ser\u00e1 indiciada por duplo homic\u00eddio com causa de aumento de pena por ser m\u00e3e e as crian\u00e7as serem menores de 14 anos. Se for condenada, pode pegar at\u00e9 100 anos de pris\u00e3o\u201d, explicou o delegado.<\/p>\n\n\n\n<p>O Metr\u00f3poles n\u00e3o encontrou contato do pai das crian\u00e7as e da defesa da mulher at\u00e9 o momento em que este texto foi publicado, mas o espa\u00e7o segue aberto para manifesta\u00e7\u00f5es.<\/p>\n\n\n\n<p><strong>Fonte: Metr\u00f3poles <\/strong><\/p>\n","protected":false},"excerpt":{"rendered":"<p>Uma mulher de 30 anos admitiu \u00e0 Pol\u00edcia Militar ter matado as duas filhas, de 6 e 10 anos, na \u00e1rea de sua casa, em Ed\u00e9ia, no sul de Goi\u00e1s, a 129 km de Goi\u00e2nia, na manh\u00e3 de ter\u00e7a-feira (27\/9). Segundo o delegado Daniel Moura, ao ser presa em uma mata, Izadora Alves de Faria [&hellip;]<\/p>\n","protected":false},"author":1,"featured_media":39352,"comment_status":"open","ping_status":"open","sticky":false,"template":"","format":"standard","meta":{"beyondwords_generate_audio":"","beyondwords_project_id":"","beyondwords_podcast_id":"","beyondwords_hash":"","beyondwords_error_message":"","beyondwords_disabled":"","publish_post_to_speechkit":"","speechkit_generate_audio":"","speechkit_project_id":"","speechkit_podcast_id":"","speechkit_hash":"","speechkit_error_message":"","speechkit_disabled":"","speechkit_access_key":"","speechkit_error":"","speechkit_info":"","speechkit_response":"","speechkit_retries":"","_speechkit_link":"","_speechkit_text":""},"categories":[134],"tags":[10847,830,10848,479,1618,117,49],"jetpack_featured_media_url":"","_links":{"self":[{"href":"https:\/\/pinews.com.br\/index.php\/wp-json\/wp\/v2\/posts\/39351"}],"collection":[{"href":"https:\/\/pinews.com.br\/index.php\/wp-json\/wp\/v2\/posts"}],"about":[{"href":"https:\/\/pinews.com.br\/index.php\/wp-json\/wp\/v2\/types\/post"}],"author":[{"embeddable":true,"href":"https:\/\/pinews.com.br\/index.php\/wp-json\/wp\/v2\/users\/1"}],"replies":[{"embeddable":true,"href":"https:\/\/pinews.com.br\/index.php\/wp-json\/wp\/v2\/comments?post=39351"}],"version-history":[{"count":0,"href":"https:\/\/pinews.com.br\/index.php\/wp-json\/wp\/v2\/posts\/39351\/revisions"}],"wp:featuredmedia":[{"embeddable":true,"href":"https:\/\/pinews.com.br\/index.php\/wp-json\/"}],"wp:attachment":[{"href":"https:\/\/pinews.com.br\/index.php\/wp-json\/wp\/v2\/media?parent=39351"}],"wp:term":[{"taxonomy":"category","embeddable":true,"href":"https:\/\/pinews.com.br\/index.php\/wp-json\/wp\/v2\/categories?post=39351"},{"taxonomy":"post_tag","embeddable":true,"href":"https:\/\/pinews.com.br\/index.php\/wp-json\/wp\/v2\/tags?post=39351"}],"curies":[{"name":"wp","href":"https:\/\/api.w.org\/{rel}","templated":true}]}}