{"id":39377,"date":"2022-09-29T17:47:54","date_gmt":"2022-09-29T20:47:54","guid":{"rendered":"https:\/\/pinews.com.br\/?p=39377"},"modified":"2022-09-29T17:47:54","modified_gmt":"2022-09-29T20:47:54","slug":"prf-apreende-barras-de-ouro-avaliadas-em-r-14-milhao-na-br-316-em-picos","status":"publish","type":"post","link":"https:\/\/pinews.com.br\/index.php\/2022\/09\/29\/prf-apreende-barras-de-ouro-avaliadas-em-r-14-milhao-na-br-316-em-picos\/","title":{"rendered":"PRF apreende barras de ouro avaliadas em R$ 1,4 milh\u00e3o na BR-316, em Picos"},"content":{"rendered":"\n<p>A Pol\u00edcia Rodovi\u00e1ria Federal (PRF) apreendeu quase cinco quilos de ouro durante abordagem a um ve\u00edculo na BR-316, em Picos. A a\u00e7\u00e3o aconteceu na tarde da \u00faltima quarta-feira (28).<\/p>\n\n\n\n<p>De acordo com informa\u00e7\u00f5es da PRF, o ouro estava sendo transportado em uma caminhonete de placa do Par\u00e1 com destino ao estado do Cear\u00e1. Ao ser abordado, o motorista apresentou \u201chist\u00f3rias inconsistentes\u201d.<\/p>\n\n\n\n<p>No relato aos policiais, o condutor alegou que saiu da cidade Juazeiro do Norte, no Cear\u00e1, na semana anterior, com destino a cidade de Itaituba-PA, onde recebeu de uma empresa o pacote com ouro.&nbsp;<\/p>\n\n\n\n<p>\u201cDurante busca veicular, os policiais encontraram, debaixo do carpete do banco dianteiro, um pacote contendo 4,95 Kg em barras de ouro. Essa apreens\u00e3o est\u00e1 avaliada em mais de R$ 1,4&nbsp; milh\u00e3o\u201d, informou o \u00f3rg\u00e3o.<\/p>\n\n\n\n<p>Na ocasi\u00e3o, o homem foi preso por usurpa\u00e7\u00e3o de bem ou mat\u00e9ria-prima da Uni\u00e3o e encaminhado para a Delegacia de Picos. A pena para este tipo de crime \u00e9 deten\u00e7\u00e3o de um a cinco anos e multa.<\/p>\n\n\n\n<p><strong>Fonte: Breno Moreno\/ Cidade Verde\/ Com informa\u00e7\u00f5es da PRF<\/strong><\/p>\n","protected":false},"excerpt":{"rendered":"<p>A Pol\u00edcia Rodovi\u00e1ria Federal (PRF) apreendeu quase cinco quilos de ouro durante abordagem a um ve\u00edculo na BR-316, em Picos. A a\u00e7\u00e3o aconteceu na tarde da \u00faltima quarta-feira (28). De acordo com informa\u00e7\u00f5es da PRF, o ouro estava sendo transportado em uma caminhonete de placa do Par\u00e1 com destino ao estado do Cear\u00e1. Ao ser [&hellip;]<\/p>\n","protected":false},"author":1,"featured_media":39378,"comment_status":"open","ping_status":"open","sticky":false,"template":"","format":"standard","meta":{"beyondwords_generate_audio":"","beyondwords_project_id":"","beyondwords_podcast_id":"","beyondwords_hash":"","beyondwords_error_message":"","beyondwords_disabled":"","publish_post_to_speechkit":"","speechkit_generate_audio":"","speechkit_project_id":"","speechkit_podcast_id":"","speechkit_hash":"","speechkit_error_message":"","speechkit_disabled":"","speechkit_access_key":"","speechkit_error":"","speechkit_info":"","speechkit_response":"","speechkit_retries":"","_speechkit_link":"","_speechkit_text":""},"categories":[124,51,126,78],"tags":[827,105,635,1481,298,44,46,77,91,10851,125,104],"jetpack_featured_media_url":"","_links":{"self":[{"href":"https:\/\/pinews.com.br\/index.php\/wp-json\/wp\/v2\/posts\/39377"}],"collection":[{"href":"https:\/\/pinews.com.br\/index.php\/wp-json\/wp\/v2\/posts"}],"about":[{"href":"https:\/\/pinews.com.br\/index.php\/wp-json\/wp\/v2\/types\/post"}],"author":[{"embeddable":true,"href":"https:\/\/pinews.com.br\/index.php\/wp-json\/wp\/v2\/users\/1"}],"replies":[{"embeddable":true,"href":"https:\/\/pinews.com.br\/index.php\/wp-json\/wp\/v2\/comments?post=39377"}],"version-history":[{"count":0,"href":"https:\/\/pinews.com.br\/index.php\/wp-json\/wp\/v2\/posts\/39377\/revisions"}],"wp:featuredmedia":[{"embeddable":true,"href":"https:\/\/pinews.com.br\/index.php\/wp-json\/"}],"wp:attachment":[{"href":"https:\/\/pinews.com.br\/index.php\/wp-json\/wp\/v2\/media?parent=39377"}],"wp:term":[{"taxonomy":"category","embeddable":true,"href":"https:\/\/pinews.com.br\/index.php\/wp-json\/wp\/v2\/categories?post=39377"},{"taxonomy":"post_tag","embeddable":true,"href":"https:\/\/pinews.com.br\/index.php\/wp-json\/wp\/v2\/tags?post=39377"}],"curies":[{"name":"wp","href":"https:\/\/api.w.org\/{rel}","templated":true}]}}