{"id":39386,"date":"2022-09-30T11:17:29","date_gmt":"2022-09-30T14:17:29","guid":{"rendered":"https:\/\/pinews.com.br\/?p=39386"},"modified":"2022-09-30T11:17:29","modified_gmt":"2022-09-30T14:17:29","slug":"homem-baleado-por-suspeitos-encapuzados-morre-no-hospital","status":"publish","type":"post","link":"https:\/\/pinews.com.br\/index.php\/2022\/09\/30\/homem-baleado-por-suspeitos-encapuzados-morre-no-hospital\/","title":{"rendered":"Homem baleado por suspeitos encapuzados no Piau\u00ed morre no hospital"},"content":{"rendered":"\n<p>O homem que foi&nbsp;baleado na tarde desta quinta-feira (29) na Avenida Homero Castelo Branco&nbsp;n\u00e3o resistiu aos ferimentos e morreu no Hospital de Urg\u00eancia de Teresina (HUT).&nbsp;<\/p>\n\n\n\n<p>Ant\u00f4nio Marcelo Dias Sud\u00e1rio, 24 anos, deixava um restaurante no momento em que foi atingido pelos disparos efetuados por dois suspeitos encapuzados.&nbsp;<\/p>\n\n\n\n<p>Imagens mostram v\u00e1rias marcas de tiro no ve\u00edculo. Pelo menos cinco atingiram a porta do motorista, al\u00e9m da parte dianteira.<\/p>\n\n\n\n<p>Momentos antes do crime, a v\u00edtima compartilhou v\u00eddeos nas redes sociais onde aparece comemorando o anivers\u00e1rio. \u201cA gente j\u00e1 colheu algumas imagens das c\u00e2meras da redondeza que podem verificar o modus operandi desse crime\u201d, destacou o major Oziel Sousa, subcomandante do 5\u00ba Batalh\u00e3o da PM<\/p>\n\n\n\n<p>A autoria e a motiva\u00e7\u00e3o do crime ainda s\u00e3o desconhecidas, mas a pol\u00edcia acredita que pode se tratar de uma execu\u00e7\u00e3o.&nbsp;<\/p>\n\n\n\n<p>Segundo o delegado Francisco Costa, o Baretta, coordenador do Departamento de Homic\u00eddios e Prote\u00e7\u00e3o \u00e0 Pessoa (DHPP), testemunhas apontam que Ant\u00f4nio Marcelo, era o alvo dos atiradores. Um dos suspeitos estaria inclusive com um colete a prova de balas.<\/p>\n\n\n\n<p>\u201cAs entrevistas com as testemunhas mostram que o alvo era ele, pois estava acompanhado com outras duas pessoas, mas os tiros foram direcionados a ele, que pegou tiros em v\u00e1rios locais, no bra\u00e7o, na m\u00e3o, nas costas na regi\u00e3o escapular. Ele estava comemorando um anivers\u00e1rio, mas as pessoas afirmaram que j\u00e1 tinham visto um ve\u00edculo nas imedia\u00e7\u00f5es, e o atirador estava supostamente usando um colete e o comparsa usando um blus\u00e3o verde\u201d, explicou.<\/p>\n\n\n\n<p>A fam\u00edlia da v\u00edtima informou que ele trabalhava como vendedor de roupas e morava no bairro S\u00e3o Joaquim, na zona Norte de Teresina. Baretta afirmou que a v\u00edtima teria passagem pela pol\u00edcia por tr\u00e1fico de drogas e que se est\u00e1 sendo investigado se o crime ocorreu por causa desse envolvimento.<\/p>\n\n\n\n<p>\u201cO que sabemos \u00e9 que esse rapaz \u00e9 envolvido no tr\u00e1fico de drogas, n\u00e3o sei se ainda estava ativamente agindo, mas a investiga\u00e7\u00e3o vai revelar a motiva\u00e7\u00e3o, mas antes estamos conhecendo por inteiro as circunst\u00e2ncias de como o crime aconteceu\u201d, informou.<\/p>\n\n\n\n<p><strong>Crime semelhante no domingo<\/strong><\/p>\n\n\n\n<p>No \u00faltimo domingo (25), tr\u00eas homens foram baleados em frente ao bar 309 na zona Leste de Teresina. As v\u00edtimas estavam em um ve\u00edculo Onix branco quando foram atingidas pelos disparos de arma de fogo, ap\u00f3s o motorista estacionar em frente ao bar.&nbsp;<\/p>\n\n\n\n<p>De acordo com o 5\u00ba BPM, os disparos foram efetuados por pessoas que estavam dentro de um carro n\u00e3o identificado da cor vermelha que, supostamente, estava seguindo as v\u00edtimas.<\/p>\n\n\n\n<p><strong>Fonte: Natanael Souza e Tiago Melo\/ Cidade Verde <\/strong><\/p>\n","protected":false},"excerpt":{"rendered":"<p>O homem que foi&nbsp;baleado na tarde desta quinta-feira (29) na Avenida Homero Castelo Branco&nbsp;n\u00e3o resistiu aos ferimentos e morreu no Hospital de Urg\u00eancia de Teresina (HUT).&nbsp; Ant\u00f4nio Marcelo Dias Sud\u00e1rio, 24 anos, deixava um restaurante no momento em que foi atingido pelos disparos efetuados por dois suspeitos encapuzados.&nbsp; Imagens mostram v\u00e1rias marcas de tiro no [&hellip;]<\/p>\n","protected":false},"author":1,"featured_media":39387,"comment_status":"open","ping_status":"open","sticky":false,"template":"","format":"standard","meta":{"beyondwords_generate_audio":"","beyondwords_project_id":"","beyondwords_podcast_id":"","beyondwords_hash":"","beyondwords_error_message":"","beyondwords_disabled":"","publish_post_to_speechkit":"","speechkit_generate_audio":"","speechkit_project_id":"","speechkit_podcast_id":"","speechkit_hash":"","speechkit_error_message":"","speechkit_disabled":"","speechkit_access_key":"","speechkit_error":"","speechkit_info":"","speechkit_response":"","speechkit_retries":"","_speechkit_link":"","_speechkit_text":""},"categories":[51,78,81],"tags":[854,1183,84,339,119,59,497],"jetpack_featured_media_url":"","_links":{"self":[{"href":"https:\/\/pinews.com.br\/index.php\/wp-json\/wp\/v2\/posts\/39386"}],"collection":[{"href":"https:\/\/pinews.com.br\/index.php\/wp-json\/wp\/v2\/posts"}],"about":[{"href":"https:\/\/pinews.com.br\/index.php\/wp-json\/wp\/v2\/types\/post"}],"author":[{"embeddable":true,"href":"https:\/\/pinews.com.br\/index.php\/wp-json\/wp\/v2\/users\/1"}],"replies":[{"embeddable":true,"href":"https:\/\/pinews.com.br\/index.php\/wp-json\/wp\/v2\/comments?post=39386"}],"version-history":[{"count":0,"href":"https:\/\/pinews.com.br\/index.php\/wp-json\/wp\/v2\/posts\/39386\/revisions"}],"wp:featuredmedia":[{"embeddable":true,"href":"https:\/\/pinews.com.br\/index.php\/wp-json\/"}],"wp:attachment":[{"href":"https:\/\/pinews.com.br\/index.php\/wp-json\/wp\/v2\/media?parent=39386"}],"wp:term":[{"taxonomy":"category","embeddable":true,"href":"https:\/\/pinews.com.br\/index.php\/wp-json\/wp\/v2\/categories?post=39386"},{"taxonomy":"post_tag","embeddable":true,"href":"https:\/\/pinews.com.br\/index.php\/wp-json\/wp\/v2\/tags?post=39386"}],"curies":[{"name":"wp","href":"https:\/\/api.w.org\/{rel}","templated":true}]}}