{"id":39397,"date":"2022-09-30T17:35:35","date_gmt":"2022-09-30T20:35:35","guid":{"rendered":"https:\/\/pinews.com.br\/?p=39397"},"modified":"2022-09-30T17:35:35","modified_gmt":"2022-09-30T20:35:35","slug":"motociclista-e-arremessado-por-cima-de-carro-apos-colisao-no-piaui","status":"publish","type":"post","link":"https:\/\/pinews.com.br\/index.php\/2022\/09\/30\/motociclista-e-arremessado-por-cima-de-carro-apos-colisao-no-piaui\/","title":{"rendered":"Motociclista \u00e9 arremessado por cima de carro ap\u00f3s colis\u00e3o no Piau\u00ed"},"content":{"rendered":"\n<p>Imagens de uma c\u00e2mera de seguran\u00e7a mostram o momento em que um motociclista, identificado como Ant\u00f4nio Vaz de Oliveira Filho, colide contra um carro e \u00e9 arremessado por cima do ve\u00edculo. O acidente aconteceu na Avenida Zequinha Freire, Zona Leste de Teresina, na manh\u00e3 desta sexta-feira (30).<\/p>\n\n\n\n<p>No v\u00eddeo \u00e9 poss\u00edvel ver o motociclista colidindo na lateral traseira do carro quando o carro avan\u00e7ava na via para realizar uma convers\u00e3o. Em seguida, o motoqueiro foi arremessado por cima do ve\u00edculo. Os dois ve\u00edculos envolvidos no acidente ficaram danificados.<\/p>\n\n\n\n<p>Segundo o cabo V. Lima, do Batalh\u00e3o de Tr\u00e2nsito da Pol\u00edcia Militar (BPtran), ap\u00f3s a batida, o motociclista fraturou o bra\u00e7o direito. Ele foi levado para o Hospital de Urg\u00eancia de Teresina (HUT).<\/p>\n\n\n\n<blockquote class=\"wp-block-quote\"><p>&#8220;O homem que dirigia o carro estava estacionado em frente a uma loja e quando fez a convers\u00e3o para a esquerda n\u00e3o viu o motociclista vindo. A pericia esteve no local e vai investigar o acidente&#8221;, afirmou o policial ao&nbsp;<a href=\"http:\/\/g1.globo.com\/pi\/piaui\/\">g1<\/a>.<\/p><\/blockquote>\n\n\n\n<p>Ainda segundo a pol\u00edcia, o motorista do carro n\u00e3o teve ferimentos. Familiares do motociclista estiveram no local e acionaram o Sistema de Atendimento M\u00f3vel de urg\u00eancia (SAMU).<\/p>\n\n\n\n<p>A per\u00edcia do Instituto de Criminalista foi acionada para os procedimentos cab\u00edveis.<\/p>\n\n\n\n<p><strong>Fonte: G1 Pl <\/strong><\/p>\n","protected":false},"excerpt":{"rendered":"<p>Imagens de uma c\u00e2mera de seguran\u00e7a mostram o momento em que um motociclista, identificado como Ant\u00f4nio Vaz de Oliveira Filho, colide contra um carro e \u00e9 arremessado por cima do ve\u00edculo. O acidente aconteceu na Avenida Zequinha Freire, Zona Leste de Teresina, na manh\u00e3 desta sexta-feira (30). No v\u00eddeo \u00e9 poss\u00edvel ver o motociclista colidindo [&hellip;]<\/p>\n","protected":false},"author":1,"featured_media":39398,"comment_status":"open","ping_status":"open","sticky":false,"template":"","format":"standard","meta":{"beyondwords_generate_audio":"","beyondwords_project_id":"","beyondwords_podcast_id":"","beyondwords_hash":"","beyondwords_error_message":"","beyondwords_disabled":"","publish_post_to_speechkit":"","speechkit_generate_audio":"","speechkit_project_id":"","speechkit_podcast_id":"","speechkit_hash":"","speechkit_error_message":"","speechkit_disabled":"","speechkit_access_key":"","speechkit_error":"","speechkit_info":"","speechkit_response":"","speechkit_retries":"","_speechkit_link":"","_speechkit_text":""},"categories":[51,81],"tags":[70,440,62,114,256,44,72,296,52,59],"jetpack_featured_media_url":"","_links":{"self":[{"href":"https:\/\/pinews.com.br\/index.php\/wp-json\/wp\/v2\/posts\/39397"}],"collection":[{"href":"https:\/\/pinews.com.br\/index.php\/wp-json\/wp\/v2\/posts"}],"about":[{"href":"https:\/\/pinews.com.br\/index.php\/wp-json\/wp\/v2\/types\/post"}],"author":[{"embeddable":true,"href":"https:\/\/pinews.com.br\/index.php\/wp-json\/wp\/v2\/users\/1"}],"replies":[{"embeddable":true,"href":"https:\/\/pinews.com.br\/index.php\/wp-json\/wp\/v2\/comments?post=39397"}],"version-history":[{"count":0,"href":"https:\/\/pinews.com.br\/index.php\/wp-json\/wp\/v2\/posts\/39397\/revisions"}],"wp:featuredmedia":[{"embeddable":true,"href":"https:\/\/pinews.com.br\/index.php\/wp-json\/"}],"wp:attachment":[{"href":"https:\/\/pinews.com.br\/index.php\/wp-json\/wp\/v2\/media?parent=39397"}],"wp:term":[{"taxonomy":"category","embeddable":true,"href":"https:\/\/pinews.com.br\/index.php\/wp-json\/wp\/v2\/categories?post=39397"},{"taxonomy":"post_tag","embeddable":true,"href":"https:\/\/pinews.com.br\/index.php\/wp-json\/wp\/v2\/tags?post=39397"}],"curies":[{"name":"wp","href":"https:\/\/api.w.org\/{rel}","templated":true}]}}