{"id":39410,"date":"2022-09-30T20:53:48","date_gmt":"2022-09-30T23:53:48","guid":{"rendered":"https:\/\/pinews.com.br\/?p=39410"},"modified":"2022-09-30T20:53:48","modified_gmt":"2022-09-30T23:53:48","slug":"motociclista-e-perseguido-e-morto-a-tiros-no-piaui-2","status":"publish","type":"post","link":"https:\/\/pinews.com.br\/index.php\/2022\/09\/30\/motociclista-e-perseguido-e-morto-a-tiros-no-piaui-2\/","title":{"rendered":"Motociclista \u00e9 perseguido e morto a tiros no Piau\u00ed"},"content":{"rendered":"\n<p>Um homem de 33 anos, identificado como Rog\u00e9rio de Sousa Alves, foi assassinado com um tiro na cabe\u00e7a na manh\u00e3 desta sexta-feira (30), no bairro Pedra Mole, zona Leste de Teresina.&nbsp;<\/p>\n\n\n\n<p>Segundo informa\u00e7\u00f5es do capit\u00e3o Suedney Sousa, do 5\u00ba Batalh\u00e3o da Pol\u00edcia Militar, a v\u00edtima trafegava de motocicleta quando foi abordada por dois suspeitos que efetuaram diversos disparos contra ele.&nbsp;<\/p>\n\n\n\n<p>\u201cEle estava se descolando nessa moto que est\u00e1 junto ao corpo e dois indiv\u00edduos que vinham seguindo ele efetuaram os disparos contra ele e empreenderam fuga\u201d, explicou.&nbsp;<\/p>\n\n\n\n<p>A Pol\u00edcia Militar informou ainda que a v\u00edtima \u00e9 moradora da regi\u00e3o e segundo relato de populares o crime pode ter liga\u00e7\u00e3o com tr\u00e1fico de drogas.  Familiares informaram \u00e0 reportagem que o homem \u00e9 tio de uma das v\u00edtimas do ex-policial do Maranh\u00e3o Francisco Ribeiro dos Santos Filho.<\/p>\n\n\n\n<p>No local, equipes da Per\u00edcia Criminal e do Departamento de Homic\u00eddios e Prote\u00e7\u00e3o \u00e0 Pessoa (DHPP) realizaram os primeiros levantamentos.&nbsp;<\/p>\n\n\n\n<p>O corpo da v\u00edtima foi removido pelo Instituto M\u00e9dico Legal (IML) e o caso ser\u00e1 investigado pelo DHPP. <\/p>\n\n\n\n<p><strong>Fonte: Rebeca Lima\/ Cidade Verde <\/strong><\/p>\n","protected":false},"excerpt":{"rendered":"<p>Um homem de 33 anos, identificado como Rog\u00e9rio de Sousa Alves, foi assassinado com um tiro na cabe\u00e7a na manh\u00e3 desta sexta-feira (30), no bairro Pedra Mole, zona Leste de Teresina.&nbsp; Segundo informa\u00e7\u00f5es do capit\u00e3o Suedney Sousa, do 5\u00ba Batalh\u00e3o da Pol\u00edcia Militar, a v\u00edtima trafegava de motocicleta quando foi abordada por dois suspeitos que [&hellip;]<\/p>\n","protected":false},"author":1,"featured_media":39411,"comment_status":"open","ping_status":"open","sticky":false,"template":"","format":"standard","meta":{"beyondwords_generate_audio":"","beyondwords_project_id":"","beyondwords_podcast_id":"","beyondwords_hash":"","beyondwords_error_message":"","beyondwords_disabled":"","publish_post_to_speechkit":"","speechkit_generate_audio":"","speechkit_project_id":"","speechkit_podcast_id":"","speechkit_hash":"","speechkit_error_message":"","speechkit_disabled":"","speechkit_access_key":"","speechkit_error":"","speechkit_info":"","speechkit_response":"","speechkit_retries":"","_speechkit_link":"","_speechkit_text":""},"categories":[51,78,81],"tags":[72,197,296,751,52,165],"jetpack_featured_media_url":"","_links":{"self":[{"href":"https:\/\/pinews.com.br\/index.php\/wp-json\/wp\/v2\/posts\/39410"}],"collection":[{"href":"https:\/\/pinews.com.br\/index.php\/wp-json\/wp\/v2\/posts"}],"about":[{"href":"https:\/\/pinews.com.br\/index.php\/wp-json\/wp\/v2\/types\/post"}],"author":[{"embeddable":true,"href":"https:\/\/pinews.com.br\/index.php\/wp-json\/wp\/v2\/users\/1"}],"replies":[{"embeddable":true,"href":"https:\/\/pinews.com.br\/index.php\/wp-json\/wp\/v2\/comments?post=39410"}],"version-history":[{"count":0,"href":"https:\/\/pinews.com.br\/index.php\/wp-json\/wp\/v2\/posts\/39410\/revisions"}],"wp:featuredmedia":[{"embeddable":true,"href":"https:\/\/pinews.com.br\/index.php\/wp-json\/"}],"wp:attachment":[{"href":"https:\/\/pinews.com.br\/index.php\/wp-json\/wp\/v2\/media?parent=39410"}],"wp:term":[{"taxonomy":"category","embeddable":true,"href":"https:\/\/pinews.com.br\/index.php\/wp-json\/wp\/v2\/categories?post=39410"},{"taxonomy":"post_tag","embeddable":true,"href":"https:\/\/pinews.com.br\/index.php\/wp-json\/wp\/v2\/tags?post=39410"}],"curies":[{"name":"wp","href":"https:\/\/api.w.org\/{rel}","templated":true}]}}