{"id":39413,"date":"2022-09-30T20:56:37","date_gmt":"2022-09-30T23:56:37","guid":{"rendered":"https:\/\/pinews.com.br\/?p=39413"},"modified":"2022-09-30T20:56:37","modified_gmt":"2022-09-30T23:56:37","slug":"exercito-inicia-pericia-em-areas-de-litigio-entre-os-estados-do-piaui-e-ceara","status":"publish","type":"post","link":"https:\/\/pinews.com.br\/index.php\/2022\/09\/30\/exercito-inicia-pericia-em-areas-de-litigio-entre-os-estados-do-piaui-e-ceara\/","title":{"rendered":"Ex\u00e9rcito inicia per\u00edcia em \u00e1reas de lit\u00edgio entre os estados do Piau\u00ed e Cear\u00e1"},"content":{"rendered":"\n<p>O Centro de Geoinforma\u00e7\u00e3o do Ex\u00e9rcito em Pernambuco iniciou na semana passada os trabalhos de per\u00edcia t\u00e9cnica para a delimita\u00e7\u00e3o da divisa entre o Piau\u00ed e Cear\u00e1. A\u00e7\u00e3o j\u00e1 havia sido determinada pela ministra Carmem L\u00facia, do Supremo Tribunal Federal (STF), para tratar sobre a quest\u00e3o do lit\u00edgio territorial entre os dois estados.<\/p>\n\n\n\n<p>Na per\u00edcia, os integrantes do Centro est\u00e3o percorrendo toda a \u00e1rea que est\u00e1 na disputa. No total, s\u00e3o cerca de 217 km\u00b2 onde aproximadamente 200 mil habitantes habitam a regi\u00e3o a ser periciada. A previs\u00e3o \u00e9 que o trabalho das equipes se encerre at\u00e9 novembro e os dados coletados ser\u00e3o enviados para Bras\u00edlia.<\/p>\n\n\n\n<p>De acordo com o Procurador Geral do Estado, Pl\u00ednio Clerton, o trabalho da per\u00edcia consiste na defini\u00e7\u00e3o do sistema de relevo na \u00e1rea de litigio e \u00e9 realizado atrav\u00e9s de avi\u00f5es equipados com um sistema de radar.<\/p>\n\n\n\n<p>\u201cA quest\u00e3o \u00e9 saber onde s\u00e3o os pontos mais altos da Serra [da Ibiapaba] que vai definir. A linha divis\u00f3ria vai passar pelo ponto mais alto da Serra. O radar coloca esses dados no sistema, o sistema joga no mapa e voc\u00ea tem o relevo\u201d, explica o procurador. &nbsp;<\/p>\n\n\n\n<p>O custeio de toda essa a\u00e7\u00e3o, de quase R$ 7 milh\u00f5es de reais, foi pago pelo Piau\u00ed j\u00e1 que o Cear\u00e1 havia recusado a pagar.<\/p>\n\n\n\n<p>Ao todo, s\u00e3o 22 munic\u00edpios envolvidos na \u00e1rea de lit\u00edgio, sendo 13 cearenses e 9 piauienses.<\/p>\n\n\n\n<p><strong>Disputa<\/strong><\/p>\n\n\n\n<p>A disputa envolvendo as \u00e1reas surgiram ap\u00f3s a publica\u00e7\u00e3o do Decreto Imperial 2012, de 22 de outubro de 1880, que alterou a linha divis\u00f3ria das ent\u00e3o duas prov\u00edncias. Em 1920, sob media\u00e7\u00e3o do presidente Epit\u00e1cio Pessoa, os dois estados assinaram um acordo arbitral, com a previs\u00e3o de que o Governo da Rep\u00fablica mandaria \u201cengenheiros de confian\u00e7a\u201d fazer um levantamento geogr\u00e1fico da regi\u00e3o, o n\u00e3o ocorreu at\u00e9 os dias hoje.<\/p>\n\n\n\n<p>Na ACO 1831, o Estado do Piau\u00ed argumenta que as \u00e1reas indivisas se tornaram, com o passar do tempo, \u201cterras sem lei\u201d, pois n\u00e3o se pode punir os crimes mais diversos ali praticados em raz\u00e3o da regra geral de fixa\u00e7\u00e3o da compet\u00eancia pelo lugar da infra\u00e7\u00e3o prevista no C\u00f3digo de Processo Penal (CPP). Pelo mesmo motivo, n\u00e3o se cobram tributos devidos ao Er\u00e1rio e este, por sua vez, n\u00e3o se faz presente na constru\u00e7\u00e3o e na manuten\u00e7\u00e3o de escolas, postos de sa\u00fade e estradas.<\/p>\n\n\n\n<p>A primeira \u00e1rea, de aproximadamente 217 quil\u00f4metros quadrados, fica entre os munic\u00edpios de Lu\u00eds Correia e Cocal, no Piau\u00ed, e os munic\u00edpios de Granja e Vi\u00e7osa, no Cear\u00e1. A \u00e1rea 2 tem cerca de 657 quil\u00f4metros quadrados e situa-se entre os munic\u00edpios de Cocal dos Alves e S\u00e3o Jo\u00e3o da Fronteira, no Piau\u00ed, e Vi\u00e7osa, Tiangu\u00e1, Ubajara, Ibiapina, S\u00e3o Benedito e Carnaubal, do lado do Cear\u00e1. A terceira \u00e1rea, de aproximadamente 2 mil quil\u00f4metros quadrados, \u00e9 limitada, no Piau\u00ed, pelos munic\u00edpios de Pedro II, Buriti dos Montes e S\u00e3o Miguel do Tapuio e, pelo lado do Cear\u00e1, pelas cidades de Guaraciaba do Norte, Croat\u00e1, Ipueiras, Poranga, Ipaporanga e Crate\u00fas.<\/p>\n\n\n\n<p><strong>Fonte: Rebeca Lima e Ney Silva\/ Cidade Verde <\/strong><\/p>\n","protected":false},"excerpt":{"rendered":"<p>O Centro de Geoinforma\u00e7\u00e3o do Ex\u00e9rcito em Pernambuco iniciou na semana passada os trabalhos de per\u00edcia t\u00e9cnica para a delimita\u00e7\u00e3o da divisa entre o Piau\u00ed e Cear\u00e1. A\u00e7\u00e3o j\u00e1 havia sido determinada pela ministra Carmem L\u00facia, do Supremo Tribunal Federal (STF), para tratar sobre a quest\u00e3o do lit\u00edgio territorial entre os dois estados. Na per\u00edcia, [&hellip;]<\/p>\n","protected":false},"author":1,"featured_media":39414,"comment_status":"open","ping_status":"open","sticky":false,"template":"","format":"standard","meta":{"beyondwords_generate_audio":"","beyondwords_project_id":"","beyondwords_podcast_id":"","beyondwords_hash":"","beyondwords_error_message":"","beyondwords_disabled":"","publish_post_to_speechkit":"","speechkit_generate_audio":"","speechkit_project_id":"","speechkit_podcast_id":"","speechkit_hash":"","speechkit_error_message":"","speechkit_disabled":"","speechkit_access_key":"","speechkit_error":"","speechkit_info":"","speechkit_response":"","speechkit_retries":"","_speechkit_link":"","_speechkit_text":""},"categories":[134],"tags":[5867,672,44,46,178,1271,1348,5790,10855,974,5569,52],"jetpack_featured_media_url":"","_links":{"self":[{"href":"https:\/\/pinews.com.br\/index.php\/wp-json\/wp\/v2\/posts\/39413"}],"collection":[{"href":"https:\/\/pinews.com.br\/index.php\/wp-json\/wp\/v2\/posts"}],"about":[{"href":"https:\/\/pinews.com.br\/index.php\/wp-json\/wp\/v2\/types\/post"}],"author":[{"embeddable":true,"href":"https:\/\/pinews.com.br\/index.php\/wp-json\/wp\/v2\/users\/1"}],"replies":[{"embeddable":true,"href":"https:\/\/pinews.com.br\/index.php\/wp-json\/wp\/v2\/comments?post=39413"}],"version-history":[{"count":0,"href":"https:\/\/pinews.com.br\/index.php\/wp-json\/wp\/v2\/posts\/39413\/revisions"}],"wp:featuredmedia":[{"embeddable":true,"href":"https:\/\/pinews.com.br\/index.php\/wp-json\/"}],"wp:attachment":[{"href":"https:\/\/pinews.com.br\/index.php\/wp-json\/wp\/v2\/media?parent=39413"}],"wp:term":[{"taxonomy":"category","embeddable":true,"href":"https:\/\/pinews.com.br\/index.php\/wp-json\/wp\/v2\/categories?post=39413"},{"taxonomy":"post_tag","embeddable":true,"href":"https:\/\/pinews.com.br\/index.php\/wp-json\/wp\/v2\/tags?post=39413"}],"curies":[{"name":"wp","href":"https:\/\/api.w.org\/{rel}","templated":true}]}}