{"id":39485,"date":"2022-10-03T17:32:37","date_gmt":"2022-10-03T20:32:37","guid":{"rendered":"https:\/\/pinews.com.br\/?p=39485"},"modified":"2022-10-03T17:32:37","modified_gmt":"2022-10-03T20:32:37","slug":"auxilio-brasil-governo-antecipa-parcelas-de-outubro","status":"publish","type":"post","link":"https:\/\/pinews.com.br\/index.php\/2022\/10\/03\/auxilio-brasil-governo-antecipa-parcelas-de-outubro\/","title":{"rendered":"Aux\u00edlio Brasil: governo antecipa parcelas de outubro"},"content":{"rendered":"\n<p>O governo federal anunciou nesta segunda-feira (3) a antecipa\u00e7\u00e3o em uma semana do pagamento das parcelas de outubro do Aux\u00edlio Brasil e, consequentemente, do vale-g\u00e1s. Os pagamentos s\u00e3o feitos pela Caixa Econ\u00f4mica Federal.<\/p>\n\n\n\n<p>A medida acontece um dia ap\u00f3s o primeiro turno das elei\u00e7\u00f5es presidenciais e a confirma\u00e7\u00e3o de que a disputa ser\u00e1 definida em um segundo turno entre o presidente Jair Bolsonaro e o ex-presidente Luiz In\u00e1cio Lula da Silva.<\/p>\n\n\n\n<p>Com a antecipa\u00e7\u00e3o, os dep\u00f3sitos do benef\u00edcio de R$ 600 ter\u00e3o in\u00edcio na pr\u00f3xima semana, dia 11, e terminar\u00e3o no dia 25, dias antes da realiza\u00e7\u00e3o do segundo turno, que acontecer\u00e1 no dia 30 de outubro (<em>veja no calend\u00e1rio abaixo)<\/em>. O calend\u00e1rio original previa pagamentos entre os dias 18 e 31 de outubro.<\/p>\n\n\n\n<h3>Datas de pagamento do Aux\u00edlio Brasil em 2022<\/h3>\n\n\n\n<p>Pagamentos s\u00e3o feitos de acordo com o n\u00famero final do NIS do benefici\u00e1rio<\/p>\n\n\n\n<figure class=\"wp-block-table\"><table><thead><tr><th scope=\"col\"><strong>Final do NIS<\/strong><\/th><th scope=\"col\"><strong>Ago<\/strong><\/th><th scope=\"col\"><strong>Set<\/strong><\/th><th scope=\"col\"><strong>Out<\/strong><\/th><th scope=\"col\"><strong>Nov<\/strong><\/th><th scope=\"col\"><strong>Dez<\/strong><\/th><\/tr><\/thead><tbody><tr><th scope=\"row\">1<\/th><td>09\/8<\/td><td>19\/9<\/td><td>11\/10<\/td><td>17\/11<\/td><td>12\/12<\/td><\/tr><tr><th scope=\"row\">2<\/th><td>10\/8<\/td><td>20\/9<\/td><td>13\/10<\/td><td>18\/11<\/td><td>13\/12<\/td><\/tr><tr><th scope=\"row\">3<\/th><td>11\/8<\/td><td>21\/9<\/td><td>14\/10<\/td><td>21\/11<\/td><td>14\/12<\/td><\/tr><tr><th scope=\"row\">4<\/th><td>12\/8<\/td><td>22\/9<\/td><td>17\/10<\/td><td>22\/11<\/td><td>15\/12<\/td><\/tr><tr><th scope=\"row\">5<\/th><td>15\/8<\/td><td>23\/9<\/td><td>18\/10<\/td><td>23\/11<\/td><td>16\/12<\/td><\/tr><tr><th scope=\"row\">6<\/th><td>16\/8<\/td><td>26\/9<\/td><td>19\/10<\/td><td>24\/11<\/td><td>19\/12<\/td><\/tr><tr><th scope=\"row\">7<\/th><td>17\/8<\/td><td>27\/9<\/td><td>20\/10<\/td><td>25\/11<\/td><td>20\/12<\/td><\/tr><tr><th scope=\"row\">8<\/th><td>18\/8<\/td><td>28\/9<\/td><td>21\/10<\/td><td>28\/11<\/td><td>21\/12<\/td><\/tr><tr><th scope=\"row\">9<\/th><td>19\/8<\/td><td>29\/9<\/td><td>24\/10<\/td><td>29\/11<\/td><td>22\/12<\/td><\/tr><tr><th scope=\"row\">0<\/th><td>22\/8<\/td><td>30\/9<\/td><td>25\/10<\/td><td>30\/11<\/td><td>23\/12<\/td><\/tr><\/tbody><\/table><figcaption>Fonte: Caixa Econ\u00f4mica Federal<\/figcaption><\/figure>\n\n\n\n<p>O adicional de R$ 200 para o Aux\u00edlio Brasil, que eleva o valor m\u00ednimo do benef\u00edcio de R$ 400 para R$ 600, ser\u00e1 pago at\u00e9 dezembro. Esse acr\u00e9scimo de valor est\u00e1 dentro da Proposta de Emenda \u00e0 Constitui\u00e7\u00e3o (PEC) chamada Kamikaze, que prev\u00ea gastos de R$ 41,2 bilh\u00f5es em medidas de aux\u00edlio \u00e0 popula\u00e7\u00e3o pobre e a algumas categorias profissionais.<\/p>\n\n\n\n<p>J\u00e1 o vale-g\u00e1s \u00e9 pago a cada dois meses dentro do calend\u00e1rio do Aux\u00edlio Brasil e tamb\u00e9m de acordo com o fim do N\u00famero de Inscri\u00e7\u00e3o Social (NIS). Atualmente, mais de 5,6 milh\u00f5es de fam\u00edlias recebem 100% do valor da m\u00e9dia nacional do botij\u00e3o de g\u00e1s de cozinha de 13 kg. Esse valor integral, no entanto, ser\u00e1 pago somente at\u00e9 dezembro. Em janeiro de 2023, as fam\u00edlias voltar\u00e3o a receber o valor m\u00e9dio de 50% do botij\u00e3o de g\u00e1s de 13 kg.<\/p>\n\n\n\n<p><strong>Fonte: G1<\/strong><\/p>\n","protected":false},"excerpt":{"rendered":"<p>O governo federal anunciou nesta segunda-feira (3) a antecipa\u00e7\u00e3o em uma semana do pagamento das parcelas de outubro do Aux\u00edlio Brasil e, consequentemente, do vale-g\u00e1s. Os pagamentos s\u00e3o feitos pela Caixa Econ\u00f4mica Federal. A medida acontece um dia ap\u00f3s o primeiro turno das elei\u00e7\u00f5es presidenciais e a confirma\u00e7\u00e3o de que a disputa ser\u00e1 definida em [&hellip;]<\/p>\n","protected":false},"author":1,"featured_media":39486,"comment_status":"open","ping_status":"open","sticky":false,"template":"","format":"standard","meta":{"beyondwords_generate_audio":"","beyondwords_project_id":"","beyondwords_podcast_id":"","beyondwords_hash":"","beyondwords_error_message":"","beyondwords_disabled":"","publish_post_to_speechkit":"","speechkit_generate_audio":"","speechkit_project_id":"","speechkit_podcast_id":"","speechkit_hash":"","speechkit_error_message":"","speechkit_disabled":"","speechkit_access_key":"","speechkit_error":"","speechkit_info":"","speechkit_response":"","speechkit_retries":"","_speechkit_link":"","_speechkit_text":""},"categories":[516,134],"tags":[7463,2647,1093,44,458,5586,7153],"jetpack_featured_media_url":"","_links":{"self":[{"href":"https:\/\/pinews.com.br\/index.php\/wp-json\/wp\/v2\/posts\/39485"}],"collection":[{"href":"https:\/\/pinews.com.br\/index.php\/wp-json\/wp\/v2\/posts"}],"about":[{"href":"https:\/\/pinews.com.br\/index.php\/wp-json\/wp\/v2\/types\/post"}],"author":[{"embeddable":true,"href":"https:\/\/pinews.com.br\/index.php\/wp-json\/wp\/v2\/users\/1"}],"replies":[{"embeddable":true,"href":"https:\/\/pinews.com.br\/index.php\/wp-json\/wp\/v2\/comments?post=39485"}],"version-history":[{"count":0,"href":"https:\/\/pinews.com.br\/index.php\/wp-json\/wp\/v2\/posts\/39485\/revisions"}],"wp:featuredmedia":[{"embeddable":true,"href":"https:\/\/pinews.com.br\/index.php\/wp-json\/"}],"wp:attachment":[{"href":"https:\/\/pinews.com.br\/index.php\/wp-json\/wp\/v2\/media?parent=39485"}],"wp:term":[{"taxonomy":"category","embeddable":true,"href":"https:\/\/pinews.com.br\/index.php\/wp-json\/wp\/v2\/categories?post=39485"},{"taxonomy":"post_tag","embeddable":true,"href":"https:\/\/pinews.com.br\/index.php\/wp-json\/wp\/v2\/tags?post=39485"}],"curies":[{"name":"wp","href":"https:\/\/api.w.org\/{rel}","templated":true}]}}