{"id":39509,"date":"2022-10-04T11:44:32","date_gmt":"2022-10-04T14:44:32","guid":{"rendered":"https:\/\/pinews.com.br\/?p=39509"},"modified":"2022-10-04T11:44:32","modified_gmt":"2022-10-04T14:44:32","slug":"dois-suspeitos-de-assaltos-sao-presos-por-roubo-de-motos-e-celulares-no-piaui","status":"publish","type":"post","link":"https:\/\/pinews.com.br\/index.php\/2022\/10\/04\/dois-suspeitos-de-assaltos-sao-presos-por-roubo-de-motos-e-celulares-no-piaui\/","title":{"rendered":"Dois suspeitos de assaltos s\u00e3o presos por roubo de motos e celulares no Piau\u00ed"},"content":{"rendered":"\n<p>Suspeitos de assaltos&nbsp;foram presos pela&nbsp;For\u00e7a T\u00e1tica do 15\u00b0 BPM na noite dessa segunda-feira (03\/10), em Campo Maior, ap\u00f3s terem roubado duas motos e celulares no povoado Alto do Meio.&nbsp;<\/p>\n\n\n\n<p>\u201cDepois que roubaram a primeira moto, uma Biz vermelha, eles abandonaram a moto em que andavam, entraram em uma resid\u00eancia, roubaram dois celulares e tomaram de assalto uma moto&nbsp;modelo Pop de cor preta. Em seguida, fugiram por estradas vicinais e sa\u00edram na regi\u00e3o do Fripisa. De l\u00e1 foram at\u00e9 o bairro Pousada do Sol, onde tamb\u00e9m roubaram um celular e seguiram para o centro\u201d, disse&nbsp;o subtenente Ibiapina, do 15\u00b0 BPM.<\/p>\n\n\n\n<p>Ap\u00f3s persegui\u00e7\u00e3o por v\u00e1rias ruas, os suspeitos foram presos no centro da cidade.<\/p>\n\n\n\n<p>A PM&nbsp;recuperou uma das motos&nbsp;roubadas, a Pop preta, e com eles foram encontrados 3 celulares roubados.<\/p>\n\n\n\n<p>A dupla foi autuada em flagrante por roubo e ficar\u00e1 \u00e0 disposi\u00e7\u00e3o da justi\u00e7a.<\/p>\n\n\n\n<p>A dupla reside em Altos e um deles tem passagem pelo sistema prisional, de onde saiu recentemente. <\/p>\n\n\n\n<p><strong>Fonte: 180 graus<\/strong><\/p>\n","protected":false},"excerpt":{"rendered":"<p>Suspeitos de assaltos&nbsp;foram presos pela&nbsp;For\u00e7a T\u00e1tica do 15\u00b0 BPM na noite dessa segunda-feira (03\/10), em Campo Maior, ap\u00f3s terem roubado duas motos e celulares no povoado Alto do Meio.&nbsp; \u201cDepois que roubaram a primeira moto, uma Biz vermelha, eles abandonaram a moto em que andavam, entraram em uma resid\u00eancia, roubaram dois celulares e tomaram de [&hellip;]<\/p>\n","protected":false},"author":1,"featured_media":39510,"comment_status":"open","ping_status":"open","sticky":false,"template":"","format":"standard","meta":{"beyondwords_generate_audio":"","beyondwords_project_id":"","beyondwords_podcast_id":"","beyondwords_hash":"","beyondwords_error_message":"","beyondwords_disabled":"","publish_post_to_speechkit":"","speechkit_generate_audio":"","speechkit_project_id":"","speechkit_podcast_id":"","speechkit_hash":"","speechkit_error_message":"","speechkit_disabled":"","speechkit_access_key":"","speechkit_error":"","speechkit_info":"","speechkit_response":"","speechkit_retries":"","_speechkit_link":"","_speechkit_text":""},"categories":[51,78],"tags":[935,658,44,106,258,52,59,600,890,362,497],"jetpack_featured_media_url":"","_links":{"self":[{"href":"https:\/\/pinews.com.br\/index.php\/wp-json\/wp\/v2\/posts\/39509"}],"collection":[{"href":"https:\/\/pinews.com.br\/index.php\/wp-json\/wp\/v2\/posts"}],"about":[{"href":"https:\/\/pinews.com.br\/index.php\/wp-json\/wp\/v2\/types\/post"}],"author":[{"embeddable":true,"href":"https:\/\/pinews.com.br\/index.php\/wp-json\/wp\/v2\/users\/1"}],"replies":[{"embeddable":true,"href":"https:\/\/pinews.com.br\/index.php\/wp-json\/wp\/v2\/comments?post=39509"}],"version-history":[{"count":0,"href":"https:\/\/pinews.com.br\/index.php\/wp-json\/wp\/v2\/posts\/39509\/revisions"}],"wp:featuredmedia":[{"embeddable":true,"href":"https:\/\/pinews.com.br\/index.php\/wp-json\/"}],"wp:attachment":[{"href":"https:\/\/pinews.com.br\/index.php\/wp-json\/wp\/v2\/media?parent=39509"}],"wp:term":[{"taxonomy":"category","embeddable":true,"href":"https:\/\/pinews.com.br\/index.php\/wp-json\/wp\/v2\/categories?post=39509"},{"taxonomy":"post_tag","embeddable":true,"href":"https:\/\/pinews.com.br\/index.php\/wp-json\/wp\/v2\/tags?post=39509"}],"curies":[{"name":"wp","href":"https:\/\/api.w.org\/{rel}","templated":true}]}}