{"id":39524,"date":"2022-10-04T17:19:07","date_gmt":"2022-10-04T20:19:07","guid":{"rendered":"https:\/\/pinews.com.br\/?p=39524"},"modified":"2022-10-04T17:19:07","modified_gmt":"2022-10-04T20:19:07","slug":"ex-marido-acusado-de-matar-mulher-com-14-facadas-vai-a-juri-popular-em-picos","status":"publish","type":"post","link":"https:\/\/pinews.com.br\/index.php\/2022\/10\/04\/ex-marido-acusado-de-matar-mulher-com-14-facadas-vai-a-juri-popular-em-picos\/","title":{"rendered":"Ex-marido acusado de matar mulher com 14 facadas vai a J\u00fari Popular em Picos"},"content":{"rendered":"\n<p>A ju\u00edza Nilcimar Rodrigues, da 5\u00aa Vara da Comarca de Picos, pronunciou Severino Ferreira de Oliveira Neto pelo assassinato da ex-mulher Joana de Sousa Lima, que foi morta com 14 facadas porque o acusado n\u00e3o aceitava o fim do relacionamento, al\u00e9m de tentar matar o companheiro dela Luiz Cleidimar de Sousa.<\/p>\n\n\n\n<p>Segundo a den\u00fancia apresentada pelo Minist\u00e9rio P\u00fablico, o crime ocorreu no dia 3 de julho de 2021, por volta das 6h50 no bairro Parque de Exposi\u00e7\u00e3o, no munic\u00edpio de Picos. O crime ocorreu quando Luiz Cleidimar foi destrancar a porta da sua resid\u00eancia, e Severino ent\u00e3o empurrou a porta for\u00e7ando a entrada.<\/p>\n\n\n\n<p>Quando conseguiu entrar, a den\u00fancia aponta que os dois homens entraram em luta corporal e Luiz Cleidimar foi esfaqueado v\u00e1rias vezes. Joana saiu de um dos c\u00f4modos da casa, momento em que ele ent\u00e3o a atacou a ex-esposa, que foi esfaqueada 14 vezes, que n\u00e3o resistiu aos ferimentos e morreu no local. Severino chegou a fugir, mas foi preso ainda no mesmo dia, ap\u00f3s ter cortado o cabelo e trocado de roupa.<\/p>\n\n\n\n<p>\u201cConforme noticiado nos autos, o denunciado n\u00e3o aceitava o t\u00e9rmino do relacionamento com a v\u00edtima Joana e sentia extremo ci\u00fame da ex-companheira, bem como n\u00e3o aceitava que esta convivesse com Luiz Cleidimar, tendo, inclusive, tentado reatar a rela\u00e7\u00e3o com aquela, bem como lhe amea\u00e7ado e perseguido dias antes do presente fato. Al\u00e9m disso, o pr\u00f3prio denunciado, em sede de interrogat\u00f3rio, confessou j\u00e1 ter sido condenado pelo crime de homic\u00eddio, tamb\u00e9m praticado contra outra ex-companheira, e de roubo, no estado de Goi\u00e1s\u201d, afirmou o MP.<\/p>\n\n\n\n<p>Consta ainda que a v\u00edtima conheceu Severino em Bras\u00edlia, onde tiveram um relacionamento por 4 anos, mas que ela seria v\u00edtima de agress\u00f5es e amea\u00e7as, foi quando terminou o relacionamento e decidiu voltar para Picos. Ela ent\u00e3o come\u00e7ou um namoro com Luiz Cleidimar, mas o acusado n\u00e3o teria aceitado. Quando o crime aconteceu, fazia quatro dias que ela tinha se mudado para a resid\u00eancia do namorado. O casal estava junto h\u00e1 um m\u00eas.<\/p>\n\n\n\n<p>Em depoimento, Severino Ferreira admitiu ter desferido os golpes nas v\u00edtimas, no entanto, alegou que foi em leg\u00edtima defesa, e que ele \u00e9 que teria sido atacado.<\/p>\n\n\n\n<p>A ju\u00edza Nilcimar Rodrigues, decidiu pronunciar o acusado para ele ser julgado pelo Tribunal do J\u00fari, destacando que a v\u00edtima foi mota de forma cruel. \u201cA den\u00fancia trouxe tamb\u00e9m a qualificadora do par\u00e1grafo segundo, III, do art. 121 do CP, ou seja, meio cruel, tamb\u00e9m neste momento n\u00e3o deve ser afastada diante da presen\u00e7a nos autos da exist\u00eancia de elementos que revelam que os 14 (quatorze) golpes de faca, revelam a brutalidade de sua a\u00e7\u00e3o e desprezo \u00e0 condi\u00e7\u00e3o humana, trazendo sofrimento al\u00e9m do necess\u00e1rio\u201d, afirmou.<\/p>\n\n\n\n<p>Ela ainda decidiu manter a pris\u00e3o preventiva do acusado para que seja garantida a ordem p\u00fablica. \u201cEm havendo cometimento de um crime grave, que cause grande rep\u00fadio da sociedade, em especial crimes de homic\u00eddio, contra a vida. Trata-se de acusado de alt\u00edssima periculosidade\u201d, destacou a ju\u00edza em sua decis\u00e3o.<\/p>\n\n\n\n<p><strong>Fonte: B\u00e1rbara Rodrigues\/ Cidade Verde <\/strong><\/p>\n","protected":false},"excerpt":{"rendered":"<p>A ju\u00edza Nilcimar Rodrigues, da 5\u00aa Vara da Comarca de Picos, pronunciou Severino Ferreira de Oliveira Neto pelo assassinato da ex-mulher Joana de Sousa Lima, que foi morta com 14 facadas porque o acusado n\u00e3o aceitava o fim do relacionamento, al\u00e9m de tentar matar o companheiro dela Luiz Cleidimar de Sousa. Segundo a den\u00fancia apresentada [&hellip;]<\/p>\n","protected":false},"author":1,"featured_media":39525,"comment_status":"open","ping_status":"open","sticky":false,"template":"","format":"standard","meta":{"beyondwords_generate_audio":"","beyondwords_project_id":"","beyondwords_podcast_id":"","beyondwords_hash":"","beyondwords_error_message":"","beyondwords_disabled":"","publish_post_to_speechkit":"","speechkit_generate_audio":"","speechkit_project_id":"","speechkit_podcast_id":"","speechkit_hash":"","speechkit_error_message":"","speechkit_disabled":"","speechkit_access_key":"","speechkit_error":"","speechkit_info":"","speechkit_response":"","speechkit_retries":"","_speechkit_link":"","_speechkit_text":""},"categories":[51,126],"tags":[827,1273,44,46,6381,479,5687,85,135,125,5689,1089],"jetpack_featured_media_url":"","_links":{"self":[{"href":"https:\/\/pinews.com.br\/index.php\/wp-json\/wp\/v2\/posts\/39524"}],"collection":[{"href":"https:\/\/pinews.com.br\/index.php\/wp-json\/wp\/v2\/posts"}],"about":[{"href":"https:\/\/pinews.com.br\/index.php\/wp-json\/wp\/v2\/types\/post"}],"author":[{"embeddable":true,"href":"https:\/\/pinews.com.br\/index.php\/wp-json\/wp\/v2\/users\/1"}],"replies":[{"embeddable":true,"href":"https:\/\/pinews.com.br\/index.php\/wp-json\/wp\/v2\/comments?post=39524"}],"version-history":[{"count":0,"href":"https:\/\/pinews.com.br\/index.php\/wp-json\/wp\/v2\/posts\/39524\/revisions"}],"wp:featuredmedia":[{"embeddable":true,"href":"https:\/\/pinews.com.br\/index.php\/wp-json\/"}],"wp:attachment":[{"href":"https:\/\/pinews.com.br\/index.php\/wp-json\/wp\/v2\/media?parent=39524"}],"wp:term":[{"taxonomy":"category","embeddable":true,"href":"https:\/\/pinews.com.br\/index.php\/wp-json\/wp\/v2\/categories?post=39524"},{"taxonomy":"post_tag","embeddable":true,"href":"https:\/\/pinews.com.br\/index.php\/wp-json\/wp\/v2\/tags?post=39524"}],"curies":[{"name":"wp","href":"https:\/\/api.w.org\/{rel}","templated":true}]}}