{"id":39613,"date":"2022-10-07T11:04:16","date_gmt":"2022-10-07T14:04:16","guid":{"rendered":"https:\/\/pinews.com.br\/?p=39613"},"modified":"2022-10-07T11:04:16","modified_gmt":"2022-10-07T14:04:16","slug":"policia-civil-prende-jovem-acusado-de-cometer-varios-homicidios-no-piaui","status":"publish","type":"post","link":"https:\/\/pinews.com.br\/index.php\/2022\/10\/07\/policia-civil-prende-jovem-acusado-de-cometer-varios-homicidios-no-piaui\/","title":{"rendered":"Pol\u00edcia Civil prende jovem acusado de cometer v\u00e1rios homic\u00eddios no Piau\u00ed"},"content":{"rendered":"\n<p>Ger\u00eancia de Pol\u00edcia Especializada da Pol\u00edcia Civil do Piau\u00ed deu cumprimento a um mandado de pris\u00e3o preventiva contra um jovem de 25 anos acusado de v\u00e1rios homic\u00eddios na zona Leste de Teresina. A a\u00e7\u00e3o dos policiais foi realizada na tarde de quinta-feira, 06 de outubro.<\/p>\n\n\n\n<p>De acordo com informa\u00e7\u00f5es do delegado Matheus Zanatta, gerente de Pol\u00edcia Especializada, o criminoso \u00e9 acusado de homic\u00eddios motivados por briga de fac\u00e7\u00f5es.<\/p>\n\n\n\n<p>\u201cA Ger\u00eancia de Pol\u00edcia Especializada deu cumprimento a um importante mandado de pris\u00e3o preventiva em face de um indiv\u00edduo de apenas 25 anos suspeito da pr\u00e1tica de v\u00e1rios homic\u00eddios na regi\u00e3o da Vila Fraternidade e do Parque Universit\u00e1rio sendo motivado por briga de fac\u00e7\u00f5es e tamb\u00e9m pela disputa do tr\u00e1fico il\u00edcito de entorpecente\u201d, declarou.<\/p>\n\n\n\n<p>Ainda segundo Zanatta, o criminoso j\u00e1 tem passagem pela pol\u00edcia. Ele foi encaminhado para a Central de Flagrantes de Teresina para os procedimentos legais.<\/p>\n\n\n\n<p><strong>Fonte: Meio Norte <\/strong><\/p>\n","protected":false},"excerpt":{"rendered":"<p>Ger\u00eancia de Pol\u00edcia Especializada da Pol\u00edcia Civil do Piau\u00ed deu cumprimento a um mandado de pris\u00e3o preventiva contra um jovem de 25 anos acusado de v\u00e1rios homic\u00eddios na zona Leste de Teresina. A a\u00e7\u00e3o dos policiais foi realizada na tarde de quinta-feira, 06 de outubro. De acordo com informa\u00e7\u00f5es do delegado Matheus Zanatta, gerente de [&hellip;]<\/p>\n","protected":false},"author":1,"featured_media":39614,"comment_status":"open","ping_status":"open","sticky":false,"template":"","format":"standard","meta":{"beyondwords_generate_audio":"","beyondwords_project_id":"","beyondwords_podcast_id":"","beyondwords_hash":"","beyondwords_error_message":"","beyondwords_disabled":"","publish_post_to_speechkit":"","speechkit_generate_audio":"","speechkit_project_id":"","speechkit_podcast_id":"","speechkit_hash":"","speechkit_error_message":"","speechkit_disabled":"","speechkit_access_key":"","speechkit_error":"","speechkit_info":"","speechkit_response":"","speechkit_retries":"","_speechkit_link":"","_speechkit_text":""},"categories":[51,78],"tags":[1273,936,5898,44,674,266,52,466,112,166],"jetpack_featured_media_url":"","_links":{"self":[{"href":"https:\/\/pinews.com.br\/index.php\/wp-json\/wp\/v2\/posts\/39613"}],"collection":[{"href":"https:\/\/pinews.com.br\/index.php\/wp-json\/wp\/v2\/posts"}],"about":[{"href":"https:\/\/pinews.com.br\/index.php\/wp-json\/wp\/v2\/types\/post"}],"author":[{"embeddable":true,"href":"https:\/\/pinews.com.br\/index.php\/wp-json\/wp\/v2\/users\/1"}],"replies":[{"embeddable":true,"href":"https:\/\/pinews.com.br\/index.php\/wp-json\/wp\/v2\/comments?post=39613"}],"version-history":[{"count":0,"href":"https:\/\/pinews.com.br\/index.php\/wp-json\/wp\/v2\/posts\/39613\/revisions"}],"wp:featuredmedia":[{"embeddable":true,"href":"https:\/\/pinews.com.br\/index.php\/wp-json\/"}],"wp:attachment":[{"href":"https:\/\/pinews.com.br\/index.php\/wp-json\/wp\/v2\/media?parent=39613"}],"wp:term":[{"taxonomy":"category","embeddable":true,"href":"https:\/\/pinews.com.br\/index.php\/wp-json\/wp\/v2\/categories?post=39613"},{"taxonomy":"post_tag","embeddable":true,"href":"https:\/\/pinews.com.br\/index.php\/wp-json\/wp\/v2\/tags?post=39613"}],"curies":[{"name":"wp","href":"https:\/\/api.w.org\/{rel}","templated":true}]}}