{"id":39664,"date":"2022-10-08T18:12:50","date_gmt":"2022-10-08T21:12:50","guid":{"rendered":"https:\/\/pinews.com.br\/?p=39664"},"modified":"2022-10-08T18:12:50","modified_gmt":"2022-10-08T21:12:50","slug":"acusado-de-homicidio-e-absolvido-pelo-juri-popular-em-padre-marcos","status":"publish","type":"post","link":"https:\/\/pinews.com.br\/index.php\/2022\/10\/08\/acusado-de-homicidio-e-absolvido-pelo-juri-popular-em-padre-marcos\/","title":{"rendered":"Acusado de homic\u00eddio \u00e9 absolvido pelo J\u00fari Popular em Padre Marcos"},"content":{"rendered":"\n<p>O Conselho de Senten\u00e7a do J\u00fari Popular, em sess\u00e3o do Tribunal Popular do J\u00fari de julgamento realizado nesta sexta-feira (07\/10), absolveu um homem que foi denunciado pelo Minist\u00e9rio P\u00fablico do Estado do Piau\u00ed pela pr\u00e1tica de homic\u00eddio duplamente qualificado contra a v\u00edtima nos termos do art.121, \u00a72\u00ba, II e VI c\/c art. 14, II, do CPB.<\/p>\n\n\n\n<p>De acordo a decis\u00e3o de pron\u00fancia, o acusado H.S.S, na cidade de Padre Marcos, em 06 de agosto de 2021&nbsp;ceifou a vida da v\u00edtima com tr\u00eas&nbsp;disparos de arma de fogo, todos na cabe\u00e7a.<\/p>\n\n\n\n<p>O acusado&nbsp;estava preso desde o dia 23 de agosto de 2021, na Penitenciaria Jos\u00e9 de Deus Barros na cidade de Picos.<\/p>\n\n\n\n<p>A Sess\u00e3o Plen\u00e1ria foi presidida pelo Juiz de Direito Caio Cezar Carvalho de Ara\u00fajo, a acusa\u00e7\u00e3o foi representada pela Promotora de Justi\u00e7a do Estado do Piau\u00ed Tallita Luzia Bezerra Ara\u00fajo.<\/p>\n\n\n\n<p>A defesa do acusado era composta por 05 advogados, os doutores de Picos Maxwell Martins Dantas e Humberto Batista e Silva Filho, de Teresina Leonardo Carvalho Queiroz e Jairo Braz da Silva e pelo Dr. Jesualdo Leal Silva, natural de Padre Marcos, e pelo bacharel em direito Samira Leite dos Santos.<\/p>\n\n\n\n<p>Durante a Sess\u00e3o do Tribunal do J\u00fari, a defesa apresentou 02 teses defensivas, sendo a 1\u00aa pela Absolvi\u00e7\u00e3o por Leg\u00edtima Defesa, e a 2\u00aa por Homic\u00eddio Privilegiado, bem como sustentaram que fossem decotadas as duas qualificadoras por motivo f\u00fatil e meio que impossibilitasse a defesa da v\u00edtima.<\/p>\n\n\n\n<p>Durante a vota\u00e7\u00e3o, o Conselho de Senten\u00e7a que \u00e9 formado por 07 jurados acolheu a tese defensiva, e decidiu pela Absolvi\u00e7\u00e3o do acusado.<\/p>\n\n\n\n<p>Ao final da Sess\u00e3o de Julgamento, foi expedido o Alvar\u00e1 de Soltura e em seguida o acusado foi colocado em liberdade.<\/p>\n\n\n\n<p>Em entrevista, os advogados de defesa informaram que o J\u00fari transcorreu dentro da normalidade, com dura\u00e7\u00e3o de aproximadamente 7h, que tanto o Minist\u00e9rio P\u00fablico quanto a defesa j\u00e1 renunciaram o direito ao prazo recursal, e que a decis\u00e3o dos jurados pela absolvi\u00e7\u00e3o, inclusive j\u00e1 transitou em julgado.<\/p>\n\n\n\n<p>Ainda relataram os tribunos da defesa, que todo processo submetido a J\u00fari Popular \u00e9 complexo, pois trata-se exclusivamente de processos que versam sobre crimes contra a vida.<\/p>\n\n\n\n<p><strong>Fonte: Ascom<\/strong><\/p>\n","protected":false},"excerpt":{"rendered":"<p>O Conselho de Senten\u00e7a do J\u00fari Popular, em sess\u00e3o do Tribunal Popular do J\u00fari de julgamento realizado nesta sexta-feira (07\/10), absolveu um homem que foi denunciado pelo Minist\u00e9rio P\u00fablico do Estado do Piau\u00ed pela pr\u00e1tica de homic\u00eddio duplamente qualificado contra a v\u00edtima nos termos do art.121, \u00a72\u00ba, II e VI c\/c art. 14, II, do [&hellip;]<\/p>\n","protected":false},"author":1,"featured_media":39665,"comment_status":"open","ping_status":"open","sticky":false,"template":"","format":"standard","meta":{"beyondwords_generate_audio":"","beyondwords_project_id":"","beyondwords_podcast_id":"","beyondwords_hash":"","beyondwords_error_message":"","beyondwords_disabled":"","publish_post_to_speechkit":"","speechkit_generate_audio":"","speechkit_project_id":"","speechkit_podcast_id":"","speechkit_hash":"","speechkit_error_message":"","speechkit_disabled":"","speechkit_access_key":"","speechkit_error":"","speechkit_info":"","speechkit_response":"","speechkit_retries":"","_speechkit_link":"","_speechkit_text":""},"categories":[124,1479,51],"tags":[10886,1273,44,72,46,162,5687,5872,5778,137,5689],"jetpack_featured_media_url":"","_links":{"self":[{"href":"https:\/\/pinews.com.br\/index.php\/wp-json\/wp\/v2\/posts\/39664"}],"collection":[{"href":"https:\/\/pinews.com.br\/index.php\/wp-json\/wp\/v2\/posts"}],"about":[{"href":"https:\/\/pinews.com.br\/index.php\/wp-json\/wp\/v2\/types\/post"}],"author":[{"embeddable":true,"href":"https:\/\/pinews.com.br\/index.php\/wp-json\/wp\/v2\/users\/1"}],"replies":[{"embeddable":true,"href":"https:\/\/pinews.com.br\/index.php\/wp-json\/wp\/v2\/comments?post=39664"}],"version-history":[{"count":0,"href":"https:\/\/pinews.com.br\/index.php\/wp-json\/wp\/v2\/posts\/39664\/revisions"}],"wp:featuredmedia":[{"embeddable":true,"href":"https:\/\/pinews.com.br\/index.php\/wp-json\/"}],"wp:attachment":[{"href":"https:\/\/pinews.com.br\/index.php\/wp-json\/wp\/v2\/media?parent=39664"}],"wp:term":[{"taxonomy":"category","embeddable":true,"href":"https:\/\/pinews.com.br\/index.php\/wp-json\/wp\/v2\/categories?post=39664"},{"taxonomy":"post_tag","embeddable":true,"href":"https:\/\/pinews.com.br\/index.php\/wp-json\/wp\/v2\/tags?post=39664"}],"curies":[{"name":"wp","href":"https:\/\/api.w.org\/{rel}","templated":true}]}}