{"id":39681,"date":"2022-10-09T12:04:35","date_gmt":"2022-10-09T15:04:35","guid":{"rendered":"https:\/\/pinews.com.br\/?p=39681"},"modified":"2022-10-09T12:04:35","modified_gmt":"2022-10-09T15:04:35","slug":"cantora-amanda-wanessa-tem-alta-apos-acidente-deixa-la-642-dias-internada","status":"publish","type":"post","link":"https:\/\/pinews.com.br\/index.php\/2022\/10\/09\/cantora-amanda-wanessa-tem-alta-apos-acidente-deixa-la-642-dias-internada\/","title":{"rendered":"Cantora Amanda Wanessa tem alta ap\u00f3s acidente deix\u00e1-la 642 dias internada"},"content":{"rendered":"\n<p>Depois de 642 dias internada ap\u00f3s um acidente de carro, a cantora gospel Amanda Wanessa teve alta do Hospital Real Portugu\u00eas e j\u00e1 est\u00e1 na cl\u00ednica de reabilita\u00e7\u00e3o Florence, em Recife. A not\u00edcia foi celebrada pelas redes sociais dela.<\/p>\n\n\n\n<p>&#8220;N\u00e3o temos palavras para expressar o que todos n\u00f3s, fam\u00edlia, amigos, sentimos. Essa foto de Amandinha sorrindo \u00e9 de hoje! Publicamos com muito carinho para registrar o milagre. \u00c9 o retrato da gra\u00e7a de Deus. Aleluia&#8221;, comemorou.<\/p>\n\n\n\n<p>A artista tinha dado entrada no hospital em 4 de janeiro de 2021. &#8220;Nunca deixamos de crer. E continuaremos firmes. Ainda temos um longo caminho a percorrer&#8221;, diz outro trecho da postagem.<\/p>\n\n\n\n<p>RELEMBRE O CASO<br>Amanda dirigia um carro em Rio Formoso, na Zona da Mata de Pernambuco, e estava com a filha, Mel, 6, o pai dela, Odilton, e uma amiga, a cantora Juciara Pimentel. Ap\u00f3s sofrer um grave acidente em uma batida que envolveu dois caminh\u00f5es, os quatro foram levados para o Hospital de Rio Formoso.<\/p>\n\n\n\n<p>A crian\u00e7a passou por uma cirurgia no bra\u00e7o, mas teve alta dias depois. A cantora Juciara Pimentel, que sofreu fraturas nos punhos e nos dedos, passou por uma cirurgia e recebeu alta rapidamente. O pai da cantora teve apenas ferimentos leves.<\/p>\n\n\n\n<p>O condutor de um dos caminh\u00f5es foi encaminhado \u00e0 delegacia para prestar esclarecimentos. O outro fugiu do local.<\/p>\n\n\n\n<p><strong>Fonte: Folhapress<\/strong><\/p>\n","protected":false},"excerpt":{"rendered":"<p>Depois de 642 dias internada ap\u00f3s um acidente de carro, a cantora gospel Amanda Wanessa teve alta do Hospital Real Portugu\u00eas e j\u00e1 est\u00e1 na cl\u00ednica de reabilita\u00e7\u00e3o Florence, em Recife. A not\u00edcia foi celebrada pelas redes sociais dela. &#8220;N\u00e3o temos palavras para expressar o que todos n\u00f3s, fam\u00edlia, amigos, sentimos. Essa foto de Amandinha [&hellip;]<\/p>\n","protected":false},"author":1,"featured_media":39684,"comment_status":"open","ping_status":"open","sticky":false,"template":"","format":"standard","meta":{"beyondwords_generate_audio":"","beyondwords_project_id":"","beyondwords_podcast_id":"","beyondwords_hash":"","beyondwords_error_message":"","beyondwords_disabled":"","publish_post_to_speechkit":"","speechkit_generate_audio":"","speechkit_project_id":"","speechkit_podcast_id":"","speechkit_hash":"","speechkit_error_message":"","speechkit_disabled":"","speechkit_access_key":"","speechkit_error":"","speechkit_info":"","speechkit_response":"","speechkit_retries":"","_speechkit_link":"","_speechkit_text":""},"categories":[134],"tags":[10887,176,286,7143,70,1821,10888,787,5698,60,7145],"jetpack_featured_media_url":"","_links":{"self":[{"href":"https:\/\/pinews.com.br\/index.php\/wp-json\/wp\/v2\/posts\/39681"}],"collection":[{"href":"https:\/\/pinews.com.br\/index.php\/wp-json\/wp\/v2\/posts"}],"about":[{"href":"https:\/\/pinews.com.br\/index.php\/wp-json\/wp\/v2\/types\/post"}],"author":[{"embeddable":true,"href":"https:\/\/pinews.com.br\/index.php\/wp-json\/wp\/v2\/users\/1"}],"replies":[{"embeddable":true,"href":"https:\/\/pinews.com.br\/index.php\/wp-json\/wp\/v2\/comments?post=39681"}],"version-history":[{"count":0,"href":"https:\/\/pinews.com.br\/index.php\/wp-json\/wp\/v2\/posts\/39681\/revisions"}],"wp:featuredmedia":[{"embeddable":true,"href":"https:\/\/pinews.com.br\/index.php\/wp-json\/"}],"wp:attachment":[{"href":"https:\/\/pinews.com.br\/index.php\/wp-json\/wp\/v2\/media?parent=39681"}],"wp:term":[{"taxonomy":"category","embeddable":true,"href":"https:\/\/pinews.com.br\/index.php\/wp-json\/wp\/v2\/categories?post=39681"},{"taxonomy":"post_tag","embeddable":true,"href":"https:\/\/pinews.com.br\/index.php\/wp-json\/wp\/v2\/tags?post=39681"}],"curies":[{"name":"wp","href":"https:\/\/api.w.org\/{rel}","templated":true}]}}