{"id":39801,"date":"2022-10-11T20:38:57","date_gmt":"2022-10-11T23:38:57","guid":{"rendered":"https:\/\/pinews.com.br\/?p=39801"},"modified":"2022-10-11T20:38:57","modified_gmt":"2022-10-11T23:38:57","slug":"menina-de-12-anos-e-agredida-e-violentada-dentro-de-abrigo-feminino-no-piaui","status":"publish","type":"post","link":"https:\/\/pinews.com.br\/index.php\/2022\/10\/11\/menina-de-12-anos-e-agredida-e-violentada-dentro-de-abrigo-feminino-no-piaui\/","title":{"rendered":"Menina de 12 anos \u00e9 agredida e violentada dentro de Abrigo Feminino no Piau\u00ed"},"content":{"rendered":"\n<p>Uma menina de 12 anos ser\u00e1 levada hoje (11) ao Samvvis (Servi\u00e7o de Atendimento \u00e0 V\u00edtima de Viol\u00eancia Sexual) ap\u00f3s ser agredida a paulada e violentada dentro do Abrigo Feminino, no bairro Saci, zona Sul de Teresina.&nbsp;<\/p>\n\n\n\n<p>Um grupo de meninas espancou ontem a v\u00edtima, que est\u00e1 h\u00e1 um m\u00eas no abrigo e \u00e9 do estado de Rio Grande do Sul. A menina foi esmurrada e agredida ap\u00f3s discuss\u00e3o com outras adolescentes. H\u00e1 den\u00fancia de que as agressoras teriam enfiaram galhos de mangueira nas partes \u00edntimas da menina, deixando-a em p\u00e2nico e em desespero. Exame no Samvvis vai constatar se houve a viol\u00eancia sexual.<\/p>\n\n\n\n<p>A rede de prote\u00e7\u00e3o \u00e0 Crian\u00e7a e ao Adolescente tomou conhecimento da viol\u00eancia atrav\u00e9s de den\u00fancia an\u00f4nima. A menina foi retirada do Abrigo Feminino e levada para o abrigo do Instituto Dom Barreto. Atualmente, o Abrigo Feminino tem 10 adolescentes.&nbsp;<\/p>\n\n\n\n<p>Hoje, \u00e0 menina foi levada para fazer exames no Samvvis da&nbsp;Maternidade Dona Evangelina Rosa. O exame ir\u00e1 constatar a viol\u00eancia sexual e o grau de comprometimento f\u00edsico com ato t\u00e3o b\u00e1rbaro.&nbsp;&nbsp;<\/p>\n\n\n\n<p>Como o abrigo do Dom Barreto est\u00e1 sem vagas, a menina n\u00e3o tem para onde ir. A rede de prote\u00e7\u00e3o vai acionar a Justi\u00e7a para que a encaminhe para um lugar seguro at\u00e9 resolver a situa\u00e7\u00e3o.<\/p>\n\n\n\n<p>O fato causou estarrecimento e revolta para quem trabalha com crian\u00e7a e adolescente no estado.<\/p>\n\n\n\n<p>A menina est\u00e1 em Teresina h\u00e1 quatro meses. Ela foi trazida do Rio Grande do Sul pelo pai para deixar aos cuidados da&nbsp; av\u00f3. Ao chegar em Teresina, a menina teve uma crise de ansiedade e quebrou tudo na casa da av\u00f3, que comunicou \u00e0 justi\u00e7a que n\u00e3o tinha condi\u00e7\u00f5es de conviver com a menina. Sem ter para onde ir, a menina foi encaminhada ao Abrigo Feminino.<\/p>\n\n\n\n<p>A rede de prote\u00e7\u00e3o vai pedir que as agressoras sejam denunciadas por ato infracional e que a Sasc (Secretaria de Assist\u00eancia Social e Cidadania) afaste a diretoria do Abrigo Feminino e abra Sindic\u00e2ncia para apurar as responsabilidades.&nbsp;<\/p>\n\n\n\n<p><strong>Fonte: Cidade Verde<\/strong><\/p>\n","protected":false},"excerpt":{"rendered":"<p>Uma menina de 12 anos ser\u00e1 levada hoje (11) ao Samvvis (Servi\u00e7o de Atendimento \u00e0 V\u00edtima de Viol\u00eancia Sexual) ap\u00f3s ser agredida a paulada e violentada dentro do Abrigo Feminino, no bairro Saci, zona Sul de Teresina.&nbsp; Um grupo de meninas espancou ontem a v\u00edtima, que est\u00e1 h\u00e1 um m\u00eas no abrigo e \u00e9 do [&hellip;]<\/p>\n","protected":false},"author":1,"featured_media":39802,"comment_status":"open","ping_status":"open","sticky":false,"template":"","format":"standard","meta":{"beyondwords_generate_audio":"","beyondwords_project_id":"","beyondwords_podcast_id":"","beyondwords_hash":"","beyondwords_error_message":"","beyondwords_disabled":"","publish_post_to_speechkit":"","speechkit_generate_audio":"","speechkit_project_id":"","speechkit_podcast_id":"","speechkit_hash":"","speechkit_error_message":"","speechkit_disabled":"","speechkit_access_key":"","speechkit_error":"","speechkit_info":"","speechkit_response":"","speechkit_retries":"","_speechkit_link":"","_speechkit_text":""},"categories":[51,78],"tags":[191,5107,1032,82,44,192,72,1585,1207,52,10893],"jetpack_featured_media_url":"","_links":{"self":[{"href":"https:\/\/pinews.com.br\/index.php\/wp-json\/wp\/v2\/posts\/39801"}],"collection":[{"href":"https:\/\/pinews.com.br\/index.php\/wp-json\/wp\/v2\/posts"}],"about":[{"href":"https:\/\/pinews.com.br\/index.php\/wp-json\/wp\/v2\/types\/post"}],"author":[{"embeddable":true,"href":"https:\/\/pinews.com.br\/index.php\/wp-json\/wp\/v2\/users\/1"}],"replies":[{"embeddable":true,"href":"https:\/\/pinews.com.br\/index.php\/wp-json\/wp\/v2\/comments?post=39801"}],"version-history":[{"count":0,"href":"https:\/\/pinews.com.br\/index.php\/wp-json\/wp\/v2\/posts\/39801\/revisions"}],"wp:featuredmedia":[{"embeddable":true,"href":"https:\/\/pinews.com.br\/index.php\/wp-json\/"}],"wp:attachment":[{"href":"https:\/\/pinews.com.br\/index.php\/wp-json\/wp\/v2\/media?parent=39801"}],"wp:term":[{"taxonomy":"category","embeddable":true,"href":"https:\/\/pinews.com.br\/index.php\/wp-json\/wp\/v2\/categories?post=39801"},{"taxonomy":"post_tag","embeddable":true,"href":"https:\/\/pinews.com.br\/index.php\/wp-json\/wp\/v2\/tags?post=39801"}],"curies":[{"name":"wp","href":"https:\/\/api.w.org\/{rel}","templated":true}]}}