{"id":39890,"date":"2022-10-14T11:25:15","date_gmt":"2022-10-14T14:25:15","guid":{"rendered":"https:\/\/pinews.com.br\/?p=39890"},"modified":"2022-10-14T11:25:15","modified_gmt":"2022-10-14T14:25:15","slug":"governo-prorroga-prazo-de-atualizacao-de-dados-no-cadastro-unico-por-mais-30-dias","status":"publish","type":"post","link":"https:\/\/pinews.com.br\/index.php\/2022\/10\/14\/governo-prorroga-prazo-de-atualizacao-de-dados-no-cadastro-unico-por-mais-30-dias\/","title":{"rendered":"Governo prorroga prazo de atualiza\u00e7\u00e3o de dados no Cadastro \u00danico por mais 30 dias"},"content":{"rendered":"\n<p>O Minist\u00e9rio da Cidadania prorrogou por mais 30 dias o prazo para fam\u00edlias inscritas no Cad\u00danico (Cadastro \u00danico) atualizarem seus dados. Ap\u00f3s o fim do prazo, quem foi convocado e n\u00e3o atender \u00e0 revis\u00e3o cadastral poder\u00e1 ter benef\u00edcios, como o Aux\u00edlio Brasil, bloqueados.<\/p>\n\n\n\n<p>Foram convocadas mais de 1,4 milh\u00e3o de fam\u00edlias inscritas no Cadastro \u00danico, com cadastros revisados pela \u00faltima vez em 2016 ou 2017. Destas, 757 mil s\u00e3o benefici\u00e1rias do Aux\u00edlio Brasil, segundo o governo. As fam\u00edlias que atualizaram dados pela \u00faltima vez em 2018 ou 2019 ser\u00e3o convocadas nos pr\u00f3ximos anos.<\/p>\n\n\n\n<p>At\u00e9 o in\u00edcio de outubro, \u00faltimo dado informado pelo governo federal, cerca de 263 mil fam\u00edlias estavam com os dados do Cad\u00danico desatualizados, correndo o risco de n\u00e3o receber a parcela de novembro do aux\u00edlio.<\/p>\n\n\n\n<p>\u00c9 poss\u00edvel atualizar os dados cadastrados no Cad\u00danico pela internet, sem precisar enfrentar filas nos postos municipais de atendimento do programa social.<\/p>\n\n\n\n<p>Pelo aplicativo do Cadastro \u00danico, o respons\u00e1vel familiar pode consultar sua situa\u00e7\u00e3o cadastral. O download para Android est\u00e1 dispon\u00edvel pelo Google Play. Para aparelhos iOS, acesse a Apple Store. Se preferir, pode acessar o site cadunico.cidadania.gov.br.<\/p>\n\n\n\n<p>Para a atualiza\u00e7\u00e3o pelo aplicativo \u00e9 necess\u00e1rio estar logado no Gov.br. Dentro do aplicativo ou na vers\u00e3o web \u00e9 exibida a op\u00e7\u00e3o de Atualiza\u00e7\u00e3o Cadastral por Confirma\u00e7\u00e3o.<\/p>\n\n\n\n<p>Se ap\u00f3s revisar todos os dados, o benefici\u00e1rio confirmar que os dados de endere\u00e7o, integrantes da fam\u00edlia e as informa\u00e7\u00f5es de escolaridade e renda permanecem iguais, ou seja, sem dados para incluir, excluir ou alterar, basta fazer a atualiza\u00e7\u00e3o cadastral por confirma\u00e7\u00e3o.<\/p>\n\n\n\n<p>Se houver pelo menos um dado a ser modificado, \u00e9 necess\u00e1rio que o Respons\u00e1vel Familiar compare\u00e7a a um posto de atendimento do Cadastro \u00danico para atualizar o cadastro familiar. Confira os endere\u00e7os no site https:\/\/aplicacoes.mds.gov.br\/sagi\/mops\/.<\/p>\n\n\n\n<p>Al\u00e9m disso, se o cadastro da fam\u00edlia tiver alguma pend\u00eancia, como por exemplo, se estiver sem Respons\u00e1vel Familiar ou estiver inclu\u00eddo em Averigua\u00e7\u00e3o Cadastral, n\u00e3o vai ser poss\u00edvel atualizar via aplicativo. Nesse caso, a fam\u00edlia deve ir ao posto de atendimento do Cadastro \u00danico.<\/p>\n\n\n\n<p>\u00c9 preciso estar atento a todos os dados informados. Deixar de declarar uma informa\u00e7\u00e3o ao ou declarar informa\u00e7\u00f5es incorretas, pode excluir a fam\u00edlia do Cad\u00danico e ser considerado crime.<\/p>\n\n\n\n<p><strong>DOCUMENTOS NECESS\u00c1RIOS PARA A ATUALIZA\u00c7\u00c3O<\/strong><\/p>\n\n\n\n<p>O Respons\u00e1vel pela Unidade Familiar (RF) deve levar seu CPF ou t\u00edtulo de eleitor e tamb\u00e9m, pelo menos, um documento para cada pessoa da fam\u00edlia, dentre os seguintes:<\/p>\n\n\n\n<p>&#8211; Certid\u00e3o de nascimento<br>&#8211; Certid\u00e3o de casamento<br>&#8211; CPF<br>&#8211; RG<br>&#8211; Carteira de trabalho<br>&#8211; T\u00edtulo de eleitor<br>&#8211; Registro Administrativo de Nascimento Ind\u00edgena (Rani), se a pessoa for ind\u00edgena<\/p>\n\n\n\n<p><strong>PORQUE EST\u00c1 HAVENDO UMA REVIS\u00c3O CADASTRAL<\/strong><\/p>\n\n\n\n<p>A revis\u00e3o de dados \u00e9 feita todos os anos pelo governo federal para evitar fraudes. As fam\u00edlias com informa\u00e7\u00f5es desatualizadas s\u00e3o convocadas pelo extrato de pagamento do benef\u00edcio ou na conta de energia el\u00e9trica para corrigir a situa\u00e7\u00e3o. De acordo com as regras do programa, os dados devem ser atualizados a cada dois anos.<\/p>\n\n\n\n<p>A atualiza\u00e7\u00e3o tamb\u00e9m \u00e9 obrigat\u00f3ria sempre que o benefici\u00e1rio mudar de endere\u00e7o ou de telefone, tiver alguma altera\u00e7\u00e3o em sua renda mensal ou no estado civil, houver algum nascimento, ado\u00e7\u00e3o ou morte de membro da fam\u00edlia.<\/p>\n\n\n\n<p>Caso a fam\u00edlia fique mais de quatro anos sem atualizar os dados, seu registro pode ser exclu\u00eddo do cadastro.<\/p>\n\n\n\n<p>O Cad\u00danico \u00e9 o principal instrumento do pa\u00eds para identificar e caracterizar as fam\u00edlias de baixa renda desde 2003. Estar inscrito no cadastro \u00e9 obrigat\u00f3rio para se candidatar a benef\u00edcios sociais como Tarifa Social de Energia El\u00e9trica, Aux\u00edlio G\u00e1s, Programa Minha Casa Minha Vida\/Minha Casa Verde Amarela, Aux\u00edlio Brasil, entre outros federais, estaduais e municipais.<\/p>\n\n\n\n<p>At\u00e9 dezembro deste ano, todas as fam\u00edlias regularmente cadastradas no Cadastro \u00danico que atendem aos crit\u00e9rios de elegibilidade do Aux\u00edlio Brasil recebem, no m\u00ednimo, R$ 600 por m\u00eas.<\/p>\n\n\n\n<p>Neste m\u00eas, mais de 21,13 milh\u00f5es de fam\u00edlias receberam o aux\u00edlio. Desse total, 81,5% s\u00e3o chefiadas por mulheres.<\/p>\n\n\n\n<p><strong>Fonte: Folhapress (Ana Paula Branco)<\/strong><\/p>\n","protected":false},"excerpt":{"rendered":"<p>O Minist\u00e9rio da Cidadania prorrogou por mais 30 dias o prazo para fam\u00edlias inscritas no Cad\u00danico (Cadastro \u00danico) atualizarem seus dados. Ap\u00f3s o fim do prazo, quem foi convocado e n\u00e3o atender \u00e0 revis\u00e3o cadastral poder\u00e1 ter benef\u00edcios, como o Aux\u00edlio Brasil, bloqueados. Foram convocadas mais de 1,4 milh\u00e3o de fam\u00edlias inscritas no Cadastro \u00danico, [&hellip;]<\/p>\n","protected":false},"author":1,"featured_media":39891,"comment_status":"open","ping_status":"open","sticky":false,"template":"","format":"standard","meta":{"beyondwords_generate_audio":"","beyondwords_project_id":"","beyondwords_podcast_id":"","beyondwords_hash":"","beyondwords_error_message":"","beyondwords_disabled":"","publish_post_to_speechkit":"","speechkit_generate_audio":"","speechkit_project_id":"","speechkit_podcast_id":"","speechkit_hash":"","speechkit_error_message":"","speechkit_disabled":"","speechkit_access_key":"","speechkit_error":"","speechkit_info":"","speechkit_response":"","speechkit_retries":"","_speechkit_link":"","_speechkit_text":""},"categories":[134],"tags":[780,4321,2430,5464,44,787,458,76,59,1960,6313,9910],"jetpack_featured_media_url":"","_links":{"self":[{"href":"https:\/\/pinews.com.br\/index.php\/wp-json\/wp\/v2\/posts\/39890"}],"collection":[{"href":"https:\/\/pinews.com.br\/index.php\/wp-json\/wp\/v2\/posts"}],"about":[{"href":"https:\/\/pinews.com.br\/index.php\/wp-json\/wp\/v2\/types\/post"}],"author":[{"embeddable":true,"href":"https:\/\/pinews.com.br\/index.php\/wp-json\/wp\/v2\/users\/1"}],"replies":[{"embeddable":true,"href":"https:\/\/pinews.com.br\/index.php\/wp-json\/wp\/v2\/comments?post=39890"}],"version-history":[{"count":0,"href":"https:\/\/pinews.com.br\/index.php\/wp-json\/wp\/v2\/posts\/39890\/revisions"}],"wp:featuredmedia":[{"embeddable":true,"href":"https:\/\/pinews.com.br\/index.php\/wp-json\/"}],"wp:attachment":[{"href":"https:\/\/pinews.com.br\/index.php\/wp-json\/wp\/v2\/media?parent=39890"}],"wp:term":[{"taxonomy":"category","embeddable":true,"href":"https:\/\/pinews.com.br\/index.php\/wp-json\/wp\/v2\/categories?post=39890"},{"taxonomy":"post_tag","embeddable":true,"href":"https:\/\/pinews.com.br\/index.php\/wp-json\/wp\/v2\/tags?post=39890"}],"curies":[{"name":"wp","href":"https:\/\/api.w.org\/{rel}","templated":true}]}}