{"id":39957,"date":"2022-10-16T21:08:36","date_gmt":"2022-10-17T00:08:36","guid":{"rendered":"https:\/\/pinews.com.br\/?p=39957"},"modified":"2022-10-16T21:08:36","modified_gmt":"2022-10-17T00:08:36","slug":"detento-e-feito-refem-durante-tentativa-de-motim-em-penitenciaria-no-sul-do-piaui","status":"publish","type":"post","link":"https:\/\/pinews.com.br\/index.php\/2022\/10\/16\/detento-e-feito-refem-durante-tentativa-de-motim-em-penitenciaria-no-sul-do-piaui\/","title":{"rendered":"Detento \u00e9 feito ref\u00e9m durante tentativa de motim em penitenci\u00e1ria no Sul do Piau\u00ed"},"content":{"rendered":"\n<p>Um princ\u00edpio de motim foi controlado por policiais penais na noite de s\u00e1bado (15) na Penitenci\u00e1ria Regional de Oeiras, no Sul do Piau\u00ed. Um dos detentos foi feito ref\u00e9m pelos amotinados. N\u00e3o houve feridos graves.<\/p>\n\n\n\n<p>Segundo o relato dos policiais penais os presos da cela de triagem (destinada a detentos que chegaram recentemente \u00e0 unidade) entupiram o ralo do chuveiro e, por volta das 19h, reclamaram sobre a situa\u00e7\u00e3o para os policiais. Assim, dois policiais tiveram que retirar todos os detentos da cela.<\/p>\n\n\n\n<p>Depois que os policiais verificaram que o ralo havia sido entupido de forma proposital,&nbsp;dois dos presos se recusaram a voltar para a cela, e passaram a incitar os demais a fazer o mesmo e desafiar os policiais.<\/p>\n\n\n\n<p>Em seguida, dois deles fizeram outro preso ref\u00e9m. Os policiais penais fizeram disparos com balas de borracha e conseguiram evitar o crime e conter presos, e os fizeram voltar para dentro da cela.<\/p>\n\n\n\n<p>A For\u00e7a T\u00e1tica da Pol\u00edcia Militar de Oeiras foi acionada e ajudou os policiais penais a fazer uma vistoria na cela de triagem. O caso foi denunciado para a Pol\u00edcia Civil de Oeiras. Os presos podem responder pelo crime de motim de presos, com pena de 6 meses a um ano de pris\u00e3o.<\/p>\n\n\n\n<p>Segundo o Sindicato dos Policiais Penais do Piau\u00ed (Sinpoljuspi), a Penitenci\u00e1ria Regional de Oeiras tem capacidade para cerca de 70 presos, mas abriga 109 detentos at\u00e9 este domingo (16). Cada plant\u00e3o na unidade conta com tr\u00eas policiais penais.<\/p>\n\n\n\n<p><strong>Fonte: G1 Pl <\/strong><\/p>\n","protected":false},"excerpt":{"rendered":"<p>Um princ\u00edpio de motim foi controlado por policiais penais na noite de s\u00e1bado (15) na Penitenci\u00e1ria Regional de Oeiras, no Sul do Piau\u00ed. Um dos detentos foi feito ref\u00e9m pelos amotinados. N\u00e3o houve feridos graves. Segundo o relato dos policiais penais os presos da cela de triagem (destinada a detentos que chegaram recentemente \u00e0 unidade) [&hellip;]<\/p>\n","protected":false},"author":1,"featured_media":39958,"comment_status":"open","ping_status":"open","sticky":false,"template":"","format":"standard","meta":{"beyondwords_generate_audio":"","beyondwords_project_id":"","beyondwords_podcast_id":"","beyondwords_hash":"","beyondwords_error_message":"","beyondwords_disabled":"","publish_post_to_speechkit":"","speechkit_generate_audio":"","speechkit_project_id":"","speechkit_podcast_id":"","speechkit_hash":"","speechkit_error_message":"","speechkit_disabled":"","speechkit_access_key":"","speechkit_error":"","speechkit_info":"","speechkit_response":"","speechkit_retries":"","_speechkit_link":"","_speechkit_text":""},"categories":[51,78],"tags":[44,857,45,72,46,6819,3407,1417,52,270,120,164],"jetpack_featured_media_url":"","_links":{"self":[{"href":"https:\/\/pinews.com.br\/index.php\/wp-json\/wp\/v2\/posts\/39957"}],"collection":[{"href":"https:\/\/pinews.com.br\/index.php\/wp-json\/wp\/v2\/posts"}],"about":[{"href":"https:\/\/pinews.com.br\/index.php\/wp-json\/wp\/v2\/types\/post"}],"author":[{"embeddable":true,"href":"https:\/\/pinews.com.br\/index.php\/wp-json\/wp\/v2\/users\/1"}],"replies":[{"embeddable":true,"href":"https:\/\/pinews.com.br\/index.php\/wp-json\/wp\/v2\/comments?post=39957"}],"version-history":[{"count":0,"href":"https:\/\/pinews.com.br\/index.php\/wp-json\/wp\/v2\/posts\/39957\/revisions"}],"wp:featuredmedia":[{"embeddable":true,"href":"https:\/\/pinews.com.br\/index.php\/wp-json\/"}],"wp:attachment":[{"href":"https:\/\/pinews.com.br\/index.php\/wp-json\/wp\/v2\/media?parent=39957"}],"wp:term":[{"taxonomy":"category","embeddable":true,"href":"https:\/\/pinews.com.br\/index.php\/wp-json\/wp\/v2\/categories?post=39957"},{"taxonomy":"post_tag","embeddable":true,"href":"https:\/\/pinews.com.br\/index.php\/wp-json\/wp\/v2\/tags?post=39957"}],"curies":[{"name":"wp","href":"https:\/\/api.w.org\/{rel}","templated":true}]}}