{"id":40059,"date":"2022-10-20T11:06:05","date_gmt":"2022-10-20T14:06:05","guid":{"rendered":"https:\/\/pinews.com.br\/?p=40059"},"modified":"2022-10-20T11:06:05","modified_gmt":"2022-10-20T14:06:05","slug":"dois-carros-sofrem-grave-colisao-por-causa-de-fumaca-no-piaui","status":"publish","type":"post","link":"https:\/\/pinews.com.br\/index.php\/2022\/10\/20\/dois-carros-sofrem-grave-colisao-por-causa-de-fumaca-no-piaui\/","title":{"rendered":"Dois carros sofrem grave colis\u00e3o por causa de fuma\u00e7a no Piau\u00ed"},"content":{"rendered":"\n<p>Um grave acidente foi registrado na tarde desta quarta-feira (19\/10) na PI-114, que liga Campo Maior a Cabeceiras do Piau\u00ed, na altura da comunidade Boa Vista. No momento da batida estava ocorrendo um inc\u00eandio de grandes propor\u00e7\u00f5es na regi\u00e3o. <\/p>\n\n\n\n<p>De acordo com brigadistas da Defesa Civil de Campo Maior&nbsp;que combatiam o inc\u00eandio no local, as chamas tomaram conta dos dois lados da pista e uma densa nuvem de fuma\u00e7a se formou impedindo quase que totalmente a vis\u00e3o. Os dois ve\u00edculos, uma caminhonete e uma carro de passeio vinham de Cabeceiras para Campo Maior.<\/p>\n\n\n\n<p>Com a batida, o cap\u00f4 ficou totalmente destru\u00eddo, mas aparentemente ningu\u00e9m se feriu com gravidade. &nbsp;<\/p>\n\n\n\n<p>O carro permaneceu no local at\u00e9 o in\u00edcio da noite. N\u00e3o h\u00e1 informa\u00e7\u00f5es de como os condutores foram resgatados. Quanto \u00e0 m\u00e3e com o beb\u00ea da casa rodeada pelas chamas, ambos foram resgatados sem maiores problemas e o inc\u00eandio foi totalmente debelado pelos combatentes da Defesa Civil.&nbsp;<\/p>\n\n\n\n<p><strong>Fonte: 180 Graus\/ As informa\u00e7\u00f5es s\u00e3o do Carnaubais.com<\/strong><\/p>\n","protected":false},"excerpt":{"rendered":"<p>Um grave acidente foi registrado na tarde desta quarta-feira (19\/10) na PI-114, que liga Campo Maior a Cabeceiras do Piau\u00ed, na altura da comunidade Boa Vista. No momento da batida estava ocorrendo um inc\u00eandio de grandes propor\u00e7\u00f5es na regi\u00e3o. De acordo com brigadistas da Defesa Civil de Campo Maior&nbsp;que combatiam o inc\u00eandio no local, as [&hellip;]<\/p>\n","protected":false},"author":1,"featured_media":40060,"comment_status":"open","ping_status":"open","sticky":false,"template":"","format":"standard","meta":{"beyondwords_generate_audio":"","beyondwords_project_id":"","beyondwords_podcast_id":"","beyondwords_hash":"","beyondwords_error_message":"","beyondwords_disabled":"","publish_post_to_speechkit":"","speechkit_generate_audio":"","speechkit_project_id":"","speechkit_podcast_id":"","speechkit_hash":"","speechkit_error_message":"","speechkit_disabled":"","speechkit_access_key":"","speechkit_error":"","speechkit_info":"","speechkit_response":"","speechkit_retries":"","_speechkit_link":"","_speechkit_text":""},"categories":[51],"tags":[1086,172,256,44,106,5844,404,52,59,5560],"jetpack_featured_media_url":"","_links":{"self":[{"href":"https:\/\/pinews.com.br\/index.php\/wp-json\/wp\/v2\/posts\/40059"}],"collection":[{"href":"https:\/\/pinews.com.br\/index.php\/wp-json\/wp\/v2\/posts"}],"about":[{"href":"https:\/\/pinews.com.br\/index.php\/wp-json\/wp\/v2\/types\/post"}],"author":[{"embeddable":true,"href":"https:\/\/pinews.com.br\/index.php\/wp-json\/wp\/v2\/users\/1"}],"replies":[{"embeddable":true,"href":"https:\/\/pinews.com.br\/index.php\/wp-json\/wp\/v2\/comments?post=40059"}],"version-history":[{"count":0,"href":"https:\/\/pinews.com.br\/index.php\/wp-json\/wp\/v2\/posts\/40059\/revisions"}],"wp:featuredmedia":[{"embeddable":true,"href":"https:\/\/pinews.com.br\/index.php\/wp-json\/"}],"wp:attachment":[{"href":"https:\/\/pinews.com.br\/index.php\/wp-json\/wp\/v2\/media?parent=40059"}],"wp:term":[{"taxonomy":"category","embeddable":true,"href":"https:\/\/pinews.com.br\/index.php\/wp-json\/wp\/v2\/categories?post=40059"},{"taxonomy":"post_tag","embeddable":true,"href":"https:\/\/pinews.com.br\/index.php\/wp-json\/wp\/v2\/tags?post=40059"}],"curies":[{"name":"wp","href":"https:\/\/api.w.org\/{rel}","templated":true}]}}