{"id":40182,"date":"2022-10-24T11:14:06","date_gmt":"2022-10-24T14:14:06","guid":{"rendered":"https:\/\/pinews.com.br\/?p=40182"},"modified":"2022-10-24T11:14:06","modified_gmt":"2022-10-24T14:14:06","slug":"professor-morre-em-acidente-de-moto-ao-retornar-de-vaquejada-no-piaui","status":"publish","type":"post","link":"https:\/\/pinews.com.br\/index.php\/2022\/10\/24\/professor-morre-em-acidente-de-moto-ao-retornar-de-vaquejada-no-piaui\/","title":{"rendered":"Professor morre em acidente de moto ao retornar de vaquejada no Piau\u00ed"},"content":{"rendered":"\n<p>Um professor identificado como Brendo Vin\u00edcius Pereira Leal, de 26 anos, sofreu um grave acidente de moto e morreu na noite do \u00faltimo domingo (23\/10), na PI-239, pr\u00f3ximo a cidade de Arraial do Piau\u00ed.<\/p>\n\n\n\n<p>Brendo Leal retornava de uma vaquejada em Arraial do Piau\u00ed, quando perdeu o controle da motocicleta que pilotava, ao passar por uma passagem molhada. Na queda ele bateu fortemente a cabe\u00e7a morrendo ainda no local.<\/p>\n\n\n\n<p><br>A v\u00edtima era professor de matem\u00e1tica da Rede Municipal de Santa Rosa do Piau\u00ed e atuava na Escola Francisco Jos\u00e9 dos Santos.<\/p>\n\n\n\n<p>A morte precoce do professor causou&nbsp;tristeza e como\u00e7\u00e3o entre familiares, alunos, colegas e amigos.<\/p>\n\n\n\n<p>A Prefeitura de Santa Rosa do Piau\u00ed suspendeu as aulas e emitiu uma nota de pesar.<\/p>\n\n\n\n<figure class=\"wp-block-image\"><a href=\"http:\/\/storage.stwonline.com.br\/180graus\/media\/image_bank\/2022\/10\/1666605844159_6520647359267515153.jpg\"><img decoding=\"async\" src=\"http:\/\/storage.stwonline.com.br\/180graus\/media\/image_bank\/2022\/10\/1666605844159_6520647359267515153.jpg\" alt=\"\"\/><\/a><\/figure>\n\n\n\n<p><strong>Fonte: Mural da Vila<\/strong><\/p>\n","protected":false},"excerpt":{"rendered":"<p>Um professor identificado como Brendo Vin\u00edcius Pereira Leal, de 26 anos, sofreu um grave acidente de moto e morreu na noite do \u00faltimo domingo (23\/10), na PI-239, pr\u00f3ximo a cidade de Arraial do Piau\u00ed. Brendo Leal retornava de uma vaquejada em Arraial do Piau\u00ed, quando perdeu o controle da motocicleta que pilotava, ao passar por [&hellip;]<\/p>\n","protected":false},"author":1,"featured_media":40183,"comment_status":"open","ping_status":"open","sticky":false,"template":"","format":"standard","meta":{"beyondwords_generate_audio":"","beyondwords_project_id":"","beyondwords_podcast_id":"","beyondwords_hash":"","beyondwords_error_message":"","beyondwords_disabled":"","publish_post_to_speechkit":"","speechkit_generate_audio":"","speechkit_project_id":"","speechkit_podcast_id":"","speechkit_hash":"","speechkit_error_message":"","speechkit_disabled":"","speechkit_access_key":"","speechkit_error":"","speechkit_info":"","speechkit_response":"","speechkit_retries":"","_speechkit_link":"","_speechkit_text":""},"categories":[51],"tags":[176,132,44,46,119,304,52,380,5505,5952],"jetpack_featured_media_url":"","_links":{"self":[{"href":"https:\/\/pinews.com.br\/index.php\/wp-json\/wp\/v2\/posts\/40182"}],"collection":[{"href":"https:\/\/pinews.com.br\/index.php\/wp-json\/wp\/v2\/posts"}],"about":[{"href":"https:\/\/pinews.com.br\/index.php\/wp-json\/wp\/v2\/types\/post"}],"author":[{"embeddable":true,"href":"https:\/\/pinews.com.br\/index.php\/wp-json\/wp\/v2\/users\/1"}],"replies":[{"embeddable":true,"href":"https:\/\/pinews.com.br\/index.php\/wp-json\/wp\/v2\/comments?post=40182"}],"version-history":[{"count":0,"href":"https:\/\/pinews.com.br\/index.php\/wp-json\/wp\/v2\/posts\/40182\/revisions"}],"wp:featuredmedia":[{"embeddable":true,"href":"https:\/\/pinews.com.br\/index.php\/wp-json\/"}],"wp:attachment":[{"href":"https:\/\/pinews.com.br\/index.php\/wp-json\/wp\/v2\/media?parent=40182"}],"wp:term":[{"taxonomy":"category","embeddable":true,"href":"https:\/\/pinews.com.br\/index.php\/wp-json\/wp\/v2\/categories?post=40182"},{"taxonomy":"post_tag","embeddable":true,"href":"https:\/\/pinews.com.br\/index.php\/wp-json\/wp\/v2\/tags?post=40182"}],"curies":[{"name":"wp","href":"https:\/\/api.w.org\/{rel}","templated":true}]}}