{"id":40202,"date":"2022-10-25T11:10:07","date_gmt":"2022-10-25T14:10:07","guid":{"rendered":"https:\/\/pinews.com.br\/?p=40202"},"modified":"2022-10-25T11:10:07","modified_gmt":"2022-10-25T14:10:07","slug":"mecanico-fica-com-a-perna-estracalhada-durante-acidente-envolvendo-carro-e-moto-no-piaui","status":"publish","type":"post","link":"https:\/\/pinews.com.br\/index.php\/2022\/10\/25\/mecanico-fica-com-a-perna-estracalhada-durante-acidente-envolvendo-carro-e-moto-no-piaui\/","title":{"rendered":"Mec\u00e2nico fica com a perna estra\u00e7alhada durante acidente envolvendo carro e moto no Piau\u00ed"},"content":{"rendered":"\n<p>Um grave acidente de tr\u00e2nsito aconteceu na Rua Jos\u00e9 C\u00e2ndido Gaioso, pr\u00f3ximo a escola Ferdinand Freitas em Jos\u00e9 de Freitas, na tarde de&nbsp;domingo (23\/10). A ocorr\u00eancia envolveu uma motocicleta e um ve\u00edculo modelo Sandero. As informa\u00e7\u00f5es s\u00e3o do&nbsp;Realidade em Foco.<\/p>\n\n\n\n<p>O motociclista&nbsp;identificado como sendo o mec\u00e2nico Lucas Henrique Silva Ferreira, 27 anos, levou a pior. Durante o choque entre carro e a motocicleta, ele&nbsp;sofreu uma forte e grave fratura na perna esquerda, correndo serio de risco de amputar o membro.<\/p>\n\n\n\n<p>O motorista do carro modelo Sandero, foi identificado como sendo o gerente de uma loja, David Alves da Silva, 43 anos, residente no bairro Dirceu, Teresina-PI. De acordo com&nbsp;informa\u00e7\u00f5es o homem&nbsp;se deslocava para sua casa quando se envolveu no acidente em Jos\u00e9 de Freitas.<\/p>\n\n\n\n<p>O condutor do autom\u00f3vel foi conduzido para Central de Flagrantes em Teresina por uma guarni\u00e7\u00e3o da pol\u00edcia militar, por esta&nbsp;dirigindo sob efeito de bebida alco\u00f3lica.<\/p>\n\n\n\n<p><strong>Fonte: 180 graus<\/strong><\/p>\n","protected":false},"excerpt":{"rendered":"<p>Um grave acidente de tr\u00e2nsito aconteceu na Rua Jos\u00e9 C\u00e2ndido Gaioso, pr\u00f3ximo a escola Ferdinand Freitas em Jos\u00e9 de Freitas, na tarde de&nbsp;domingo (23\/10). A ocorr\u00eancia envolveu uma motocicleta e um ve\u00edculo modelo Sandero. As informa\u00e7\u00f5es s\u00e3o do&nbsp;Realidade em Foco. O motociclista&nbsp;identificado como sendo o mec\u00e2nico Lucas Henrique Silva Ferreira, 27 anos, levou a pior. [&hellip;]<\/p>\n","protected":false},"author":1,"featured_media":40203,"comment_status":"open","ping_status":"open","sticky":false,"template":"","format":"standard","meta":{"beyondwords_generate_audio":"","beyondwords_project_id":"","beyondwords_podcast_id":"","beyondwords_hash":"","beyondwords_error_message":"","beyondwords_disabled":"","publish_post_to_speechkit":"","speechkit_generate_audio":"","speechkit_project_id":"","speechkit_podcast_id":"","speechkit_hash":"","speechkit_error_message":"","speechkit_disabled":"","speechkit_access_key":"","speechkit_error":"","speechkit_info":"","speechkit_response":"","speechkit_retries":"","_speechkit_link":"","_speechkit_text":""},"categories":[51],"tags":[176,62,45,583,10938,160,6938,304,933,52],"jetpack_featured_media_url":"","_links":{"self":[{"href":"https:\/\/pinews.com.br\/index.php\/wp-json\/wp\/v2\/posts\/40202"}],"collection":[{"href":"https:\/\/pinews.com.br\/index.php\/wp-json\/wp\/v2\/posts"}],"about":[{"href":"https:\/\/pinews.com.br\/index.php\/wp-json\/wp\/v2\/types\/post"}],"author":[{"embeddable":true,"href":"https:\/\/pinews.com.br\/index.php\/wp-json\/wp\/v2\/users\/1"}],"replies":[{"embeddable":true,"href":"https:\/\/pinews.com.br\/index.php\/wp-json\/wp\/v2\/comments?post=40202"}],"version-history":[{"count":0,"href":"https:\/\/pinews.com.br\/index.php\/wp-json\/wp\/v2\/posts\/40202\/revisions"}],"wp:featuredmedia":[{"embeddable":true,"href":"https:\/\/pinews.com.br\/index.php\/wp-json\/"}],"wp:attachment":[{"href":"https:\/\/pinews.com.br\/index.php\/wp-json\/wp\/v2\/media?parent=40202"}],"wp:term":[{"taxonomy":"category","embeddable":true,"href":"https:\/\/pinews.com.br\/index.php\/wp-json\/wp\/v2\/categories?post=40202"},{"taxonomy":"post_tag","embeddable":true,"href":"https:\/\/pinews.com.br\/index.php\/wp-json\/wp\/v2\/tags?post=40202"}],"curies":[{"name":"wp","href":"https:\/\/api.w.org\/{rel}","templated":true}]}}