{"id":40313,"date":"2022-10-28T17:54:22","date_gmt":"2022-10-28T20:54:22","guid":{"rendered":"https:\/\/pinews.com.br\/?p=40313"},"modified":"2022-10-28T17:54:22","modified_gmt":"2022-10-28T20:54:22","slug":"vereador-e-preso-em-operacao-contra-furto-de-energia-em-municipio-do-piaui","status":"publish","type":"post","link":"https:\/\/pinews.com.br\/index.php\/2022\/10\/28\/vereador-e-preso-em-operacao-contra-furto-de-energia-em-municipio-do-piaui\/","title":{"rendered":"Vereador \u00e9 preso em opera\u00e7\u00e3o contra furto de energia em munic\u00edpio do Piau\u00ed"},"content":{"rendered":"\n<p>A Pol\u00edcia Civil do Piau\u00ed (PC-PI) prendeu, na \u00faltima quarta-feira (27), o vereador Dimas Rosa Medeiros, presidente da C\u00e2mara Municipal de Gilbu\u00e9s, durante uma opera\u00e7\u00e3o contra furto de energia em uma fazenda localizada na zona rural do munic\u00edpio.&nbsp;<\/p>\n\n\n\n<p>Segundo a PC-PI, a a\u00e7\u00e3o policial foi realizada ap\u00f3s uma den\u00fancia relatar que o parlamentar estaria utilizando um transformador diretamente ligado \u00e0 rede de energia el\u00e9trica sem qualquer sistema de medi\u00e7\u00e3o e com o desconhecimento da concession\u00e1ria do servi\u00e7o.&nbsp;<\/p>\n\n\n\n<p>Durante uma fiscaliza\u00e7\u00e3o promovida pela Distribuidora de Energia El\u00e9trica, o vereador ainda teria amea\u00e7ado com uma arma de fogo um dos funcion\u00e1rios da empresa respons\u00e1vel pelo servi\u00e7o, que registrou um Boletim de Ocorr\u00eancia (B.O) logo em seguida.<\/p>\n\n\n\n<p>Ap\u00f3s o registro do B.O, agentes da Delegacia de Capturas (DECAP), unidade respons\u00e1vel pelo combate aos crimes praticados contra empresas prestadoras de servi\u00e7os p\u00fablicos, foram at\u00e9 a fazenda, constataram o crime e deram voz de pris\u00e3o a Dimas Rosa.&nbsp;<\/p>\n\n\n\n<p>O vereador foi conduzido \u00e0 Delegacia de Gilbu\u00e9s, juntamente com todos os objetos apreendidos na opera\u00e7\u00e3o, e apresentado na sequ\u00eancia para a autoridade policial da cidade para que as provid\u00eancias legais fossem tomadas.<\/p>\n\n\n\n<p>O Cidadeverde.com n\u00e3o conseguiu contato com o parlamentar, mas o espa\u00e7o segue em aberto para eventuais esclarecimentos sobre o caso.<\/p>\n\n\n\n<p><strong>Fonte: Breno Moreno\/ Cidade Verde\/ Com informa\u00e7\u00f5es da PC-PI<\/strong><\/p>\n","protected":false},"excerpt":{"rendered":"<p>A Pol\u00edcia Civil do Piau\u00ed (PC-PI) prendeu, na \u00faltima quarta-feira (27), o vereador Dimas Rosa Medeiros, presidente da C\u00e2mara Municipal de Gilbu\u00e9s, durante uma opera\u00e7\u00e3o contra furto de energia em uma fazenda localizada na zona rural do munic\u00edpio.&nbsp; Segundo a PC-PI, a a\u00e7\u00e3o policial foi realizada ap\u00f3s uma den\u00fancia relatar que o parlamentar estaria utilizando [&hellip;]<\/p>\n","protected":false},"author":1,"featured_media":40314,"comment_status":"open","ping_status":"open","sticky":false,"template":"","format":"standard","meta":{"beyondwords_generate_audio":"","beyondwords_project_id":"","beyondwords_podcast_id":"","beyondwords_hash":"","beyondwords_error_message":"","beyondwords_disabled":"","publish_post_to_speechkit":"","speechkit_generate_audio":"","speechkit_project_id":"","speechkit_podcast_id":"","speechkit_hash":"","speechkit_error_message":"","speechkit_disabled":"","speechkit_access_key":"","speechkit_error":"","speechkit_info":"","speechkit_response":"","speechkit_retries":"","_speechkit_link":"","_speechkit_text":""},"categories":[51,78],"tags":[294,44,72,46,1976,988,50,383,52,79,234],"jetpack_featured_media_url":"","_links":{"self":[{"href":"https:\/\/pinews.com.br\/index.php\/wp-json\/wp\/v2\/posts\/40313"}],"collection":[{"href":"https:\/\/pinews.com.br\/index.php\/wp-json\/wp\/v2\/posts"}],"about":[{"href":"https:\/\/pinews.com.br\/index.php\/wp-json\/wp\/v2\/types\/post"}],"author":[{"embeddable":true,"href":"https:\/\/pinews.com.br\/index.php\/wp-json\/wp\/v2\/users\/1"}],"replies":[{"embeddable":true,"href":"https:\/\/pinews.com.br\/index.php\/wp-json\/wp\/v2\/comments?post=40313"}],"version-history":[{"count":0,"href":"https:\/\/pinews.com.br\/index.php\/wp-json\/wp\/v2\/posts\/40313\/revisions"}],"wp:featuredmedia":[{"embeddable":true,"href":"https:\/\/pinews.com.br\/index.php\/wp-json\/"}],"wp:attachment":[{"href":"https:\/\/pinews.com.br\/index.php\/wp-json\/wp\/v2\/media?parent=40313"}],"wp:term":[{"taxonomy":"category","embeddable":true,"href":"https:\/\/pinews.com.br\/index.php\/wp-json\/wp\/v2\/categories?post=40313"},{"taxonomy":"post_tag","embeddable":true,"href":"https:\/\/pinews.com.br\/index.php\/wp-json\/wp\/v2\/tags?post=40313"}],"curies":[{"name":"wp","href":"https:\/\/api.w.org\/{rel}","templated":true}]}}