{"id":40472,"date":"2022-11-04T18:04:01","date_gmt":"2022-11-04T21:04:01","guid":{"rendered":"https:\/\/pinews.com.br\/?p=40472"},"modified":"2022-11-04T18:04:01","modified_gmt":"2022-11-04T21:04:01","slug":"homem-e-baleado-enquanto-andava-de-bicicleta-proximo-a-mercado-publico-no-piaui","status":"publish","type":"post","link":"https:\/\/pinews.com.br\/index.php\/2022\/11\/04\/homem-e-baleado-enquanto-andava-de-bicicleta-proximo-a-mercado-publico-no-piaui\/","title":{"rendered":"Homem \u00e9 baleado enquanto andava de bicicleta pr\u00f3ximo a mercado p\u00fablico no Piau\u00ed"},"content":{"rendered":"\n<p>Um jovem identificado apenas como Natanael, de 21 anos, foi baleado enquanto andava de bicicleta pr\u00f3ximo ao Mercado Municipal da Quarenta, em Parna\u00edba, a 340 km de Teresina. A tentativa de homic\u00eddio ocorreu na tarde desta sexta-feira (4).<\/p>\n\n\n\n<blockquote class=\"wp-block-quote\"><p>&#8220;Ele j\u00e1 \u00e9 conhecido da pol\u00edcia e tem envolvimento com fac\u00e7\u00f5es criminosas, j\u00e1 temos um suspeito de ter cometido a tentativa de homic\u00eddio, outro homem pertencente a uma fac\u00e7\u00e3o rival&#8221;, afirmou o tenente-coronel Erisvaldo Viana, comandante do 2\u00ba Batalh\u00e3o da PM de Parna\u00edba.<\/p><\/blockquote>\n\n\n\n<p>Ainda segundo a pol\u00edcia, a v\u00edtima foi atingida por disparos na regi\u00e3o da cabe\u00e7a e na perna. Ele foi socorrido pelo Servi\u00e7o de Atendimento M\u00f3vel de Urg\u00eancia (Samu) e encaminhado em estado grave para o Hospital Regional Dirceu Arcoverde (Heda).<\/p>\n\n\n\n<p>Ao g1, o tenente-coronel Viana informou que Natanael possui passagens pela pol\u00edcia, mas n\u00e3o disse sobre quais crimes, e que parte da sua fam\u00edlia tamb\u00e9m \u00e9 envolvida em processos com a Justi\u00e7a, como sua m\u00e3e e irm\u00e3o.<\/p>\n\n\n\n<p><strong>Fonte: G1 Pl <\/strong><\/p>\n","protected":false},"excerpt":{"rendered":"<p>Um jovem identificado apenas como Natanael, de 21 anos, foi baleado enquanto andava de bicicleta pr\u00f3ximo ao Mercado Municipal da Quarenta, em Parna\u00edba, a 340 km de Teresina. A tentativa de homic\u00eddio ocorreu na tarde desta sexta-feira (4). &#8220;Ele j\u00e1 \u00e9 conhecido da pol\u00edcia e tem envolvimento com fac\u00e7\u00f5es criminosas, j\u00e1 temos um suspeito de [&hellip;]<\/p>\n","protected":false},"author":1,"featured_media":40473,"comment_status":"open","ping_status":"open","sticky":false,"template":"","format":"standard","meta":{"beyondwords_generate_audio":"","beyondwords_project_id":"","beyondwords_podcast_id":"","beyondwords_hash":"","beyondwords_error_message":"","beyondwords_disabled":"","publish_post_to_speechkit":"","speechkit_generate_audio":"","speechkit_project_id":"","speechkit_podcast_id":"","speechkit_hash":"","speechkit_error_message":"","speechkit_disabled":"","speechkit_access_key":"","speechkit_error":"","speechkit_info":"","speechkit_response":"","speechkit_retries":"","_speechkit_link":"","_speechkit_text":""},"categories":[51,78],"tags":[5300,854,1950,44,72,510,84,2482,52,127,6034],"jetpack_featured_media_url":"","_links":{"self":[{"href":"https:\/\/pinews.com.br\/index.php\/wp-json\/wp\/v2\/posts\/40472"}],"collection":[{"href":"https:\/\/pinews.com.br\/index.php\/wp-json\/wp\/v2\/posts"}],"about":[{"href":"https:\/\/pinews.com.br\/index.php\/wp-json\/wp\/v2\/types\/post"}],"author":[{"embeddable":true,"href":"https:\/\/pinews.com.br\/index.php\/wp-json\/wp\/v2\/users\/1"}],"replies":[{"embeddable":true,"href":"https:\/\/pinews.com.br\/index.php\/wp-json\/wp\/v2\/comments?post=40472"}],"version-history":[{"count":0,"href":"https:\/\/pinews.com.br\/index.php\/wp-json\/wp\/v2\/posts\/40472\/revisions"}],"wp:featuredmedia":[{"embeddable":true,"href":"https:\/\/pinews.com.br\/index.php\/wp-json\/"}],"wp:attachment":[{"href":"https:\/\/pinews.com.br\/index.php\/wp-json\/wp\/v2\/media?parent=40472"}],"wp:term":[{"taxonomy":"category","embeddable":true,"href":"https:\/\/pinews.com.br\/index.php\/wp-json\/wp\/v2\/categories?post=40472"},{"taxonomy":"post_tag","embeddable":true,"href":"https:\/\/pinews.com.br\/index.php\/wp-json\/wp\/v2\/tags?post=40472"}],"curies":[{"name":"wp","href":"https:\/\/api.w.org\/{rel}","templated":true}]}}