{"id":40507,"date":"2022-11-05T11:31:54","date_gmt":"2022-11-05T14:31:54","guid":{"rendered":"https:\/\/pinews.com.br\/?p=40507"},"modified":"2022-11-05T11:31:54","modified_gmt":"2022-11-05T14:31:54","slug":"colisao-frontal-entre-van-e-caminhao-da-equatorial-mata-homem-no-sul-do-piaui","status":"publish","type":"post","link":"https:\/\/pinews.com.br\/index.php\/2022\/11\/05\/colisao-frontal-entre-van-e-caminhao-da-equatorial-mata-homem-no-sul-do-piaui\/","title":{"rendered":"Colis\u00e3o frontal entre van e caminh\u00e3o da Equatorial mata homem no Sul do Piau\u00ed"},"content":{"rendered":"\n<p>Uma colis\u00e3o frontal entre caminh\u00e3o da Equatorial e uma van deixou um homem morto na \u00faltima sexta-feira (04\/11), entre as cidades de Baixa Grande e Uru\u00e7u\u00ed, no Sul do Piau\u00ed. <\/p>\n\n\n\n<p>A v\u00edtima identificada apenas como Sidney, natural de Floriano\/PI, mas residia em Uru\u00e7u\u00ed por v\u00e1rios anos. Ele trabalhava para MDS Log\u00edstica, distribuidora da Nestl\u00e9. <\/p>\n\n\n\n<figure class=\"wp-block-image size-full\"><img decoding=\"async\" src=\"https:\/\/pinews.com.br\/wp-content\/uploads\/2022\/11\/2f39cc4c-fb0e-4f69-86e6-de5f575e3716_-252969054256501147.jpg\" alt=\"\" class=\"wp-image-40508\"\/><figcaption>Foto: Reprodu\u00e7\u00e3o<\/figcaption><\/figure>\n\n\n\n<p>Sidney&nbsp;seguia em ve\u00edculo da empresa para realizar ume entrega em&nbsp;Baixa Grande, quando houve o acidente.<\/p>\n\n\n\n<p>Uma equipe do Servi\u00e7o de Atendimento M\u00f3vel de Urg\u00eancia (Samu) foi acionada, mas a v\u00edtima morreu no local.<\/p>\n\n\n\n<p>Chovia bastante no momento do acidente, por\u00e9m as causas s\u00e3o desconhecidas. <\/p>\n\n\n\n<figure class=\"wp-block-image size-full\"><img decoding=\"async\" src=\"https:\/\/pinews.com.br\/wp-content\/uploads\/2022\/11\/caminhao-da-equatorial_-252904319829205092.jpg\" alt=\"\" class=\"wp-image-40509\"\/><figcaption>Caminh\u00e3o da Equatorial\/ Foto: Reprodu\u00e7\u00e3o<\/figcaption><\/figure>\n\n\n\n<p>Em nota enviada ao 180, a Equatorial lamentou o ocorrido e informou que segue acompanhando as investiga\u00e7\u00f5es, que devem esclarecer as causas do acidente.<\/p>\n\n\n\n<p><strong>Veja na \u00edntegra:<\/strong><\/p>\n\n\n\n<p><em>A Equatorial Piau\u00ed lamenta o acidente que vitimou o motorista de uma van nas proximidades do munic\u00edpio de Baixa Grande do Ribeiro, ap\u00f3s colis\u00e3o com caminh\u00e3o de empresa terceirizada que presta servi\u00e7os para a distribuidora.<\/em><\/p>\n\n\n\n<p><em>A concession\u00e1ria ressalta que o condutor do ve\u00edculo da prestadora de servi\u00e7os transitava dentro do limite de velocidade permitido na via e que a pr\u00f3pria equipe de campo forneceu esclarecimentos sobre o acidente, sendo o SAMU e Pol\u00edcia Militar acionados para prestarem os primeiros socorros.&nbsp;<\/em><\/p>\n\n\n\n<p><em>A Equatorial e a empresa terceirizada seguem acompanhando as investiga\u00e7\u00f5es, que devem esclarecer as causas do acidente.<\/em><\/p>\n\n\n\n<p><strong>Fonte: 180 Graus\/ As informa\u00e7\u00f5es s\u00e3o do Portal B1<\/strong><\/p>\n","protected":false},"excerpt":{"rendered":"<p>Uma colis\u00e3o frontal entre caminh\u00e3o da Equatorial e uma van deixou um homem morto na \u00faltima sexta-feira (04\/11), entre as cidades de Baixa Grande e Uru\u00e7u\u00ed, no Sul do Piau\u00ed. A v\u00edtima identificada apenas como Sidney, natural de Floriano\/PI, mas residia em Uru\u00e7u\u00ed por v\u00e1rios anos. Ele trabalhava para MDS Log\u00edstica, distribuidora da Nestl\u00e9. Sidney&nbsp;seguia [&hellip;]<\/p>\n","protected":false},"author":1,"featured_media":40511,"comment_status":"open","ping_status":"open","sticky":false,"template":"","format":"standard","meta":{"beyondwords_generate_audio":"","beyondwords_project_id":"","beyondwords_podcast_id":"","beyondwords_hash":"","beyondwords_error_message":"","beyondwords_disabled":"","publish_post_to_speechkit":"","speechkit_generate_audio":"","speechkit_project_id":"","speechkit_podcast_id":"","speechkit_hash":"","speechkit_error_message":"","speechkit_disabled":"","speechkit_access_key":"","speechkit_error":"","speechkit_info":"","speechkit_response":"","speechkit_retries":"","_speechkit_link":"","_speechkit_text":""},"categories":[51],"tags":[188,256,122,178,984,660,84,49,52,120,1617],"jetpack_featured_media_url":"","_links":{"self":[{"href":"https:\/\/pinews.com.br\/index.php\/wp-json\/wp\/v2\/posts\/40507"}],"collection":[{"href":"https:\/\/pinews.com.br\/index.php\/wp-json\/wp\/v2\/posts"}],"about":[{"href":"https:\/\/pinews.com.br\/index.php\/wp-json\/wp\/v2\/types\/post"}],"author":[{"embeddable":true,"href":"https:\/\/pinews.com.br\/index.php\/wp-json\/wp\/v2\/users\/1"}],"replies":[{"embeddable":true,"href":"https:\/\/pinews.com.br\/index.php\/wp-json\/wp\/v2\/comments?post=40507"}],"version-history":[{"count":0,"href":"https:\/\/pinews.com.br\/index.php\/wp-json\/wp\/v2\/posts\/40507\/revisions"}],"wp:featuredmedia":[{"embeddable":true,"href":"https:\/\/pinews.com.br\/index.php\/wp-json\/"}],"wp:attachment":[{"href":"https:\/\/pinews.com.br\/index.php\/wp-json\/wp\/v2\/media?parent=40507"}],"wp:term":[{"taxonomy":"category","embeddable":true,"href":"https:\/\/pinews.com.br\/index.php\/wp-json\/wp\/v2\/categories?post=40507"},{"taxonomy":"post_tag","embeddable":true,"href":"https:\/\/pinews.com.br\/index.php\/wp-json\/wp\/v2\/tags?post=40507"}],"curies":[{"name":"wp","href":"https:\/\/api.w.org\/{rel}","templated":true}]}}