{"id":40604,"date":"2022-11-10T11:11:55","date_gmt":"2022-11-10T14:11:55","guid":{"rendered":"https:\/\/pinews.com.br\/?p=40604"},"modified":"2022-11-10T11:11:55","modified_gmt":"2022-11-10T14:11:55","slug":"carro-furtado-em-2014-no-df-e-recuperado-pela-prf-no-piaui-carro-comprado-em-estacionamento","status":"publish","type":"post","link":"https:\/\/pinews.com.br\/index.php\/2022\/11\/10\/carro-furtado-em-2014-no-df-e-recuperado-pela-prf-no-piaui-carro-comprado-em-estacionamento\/","title":{"rendered":"Carro furtado em 2014 no DF \u00e9 recuperado pela PRF no Piau\u00ed; carro comprado em estacionamento"},"content":{"rendered":"\n<p>Policiais Rodovi\u00e1rios Federais recuperaram na manh\u00e3 de hoje (09\/11) um ve\u00edculo que havia sido furtado na capital federal. A a\u00e7\u00e3o foi desencadeada na BR 343 na cidade de Teresina\/PI, quando os policiais deram ordem de parada ao condutor do ve\u00edculo FIAT\/UNO VIVACE, um homem de 49 anos.<\/p>\n\n\n\n<p>Durante a abordagem, o condutor apresentou o documento do ve\u00edculo referente ao ano 2021 e n\u00e3o possu\u00eda o documento referente ao ano de 2022. Iniciado o procedimento de identifica\u00e7\u00e3o veicular, os policiais observaram que alguns componentes do ve\u00edculo divergiam do padr\u00e3o da montadora. A equipe, ent\u00e3o, deu continuidade aos procedimentos at\u00e9 ser poss\u00edvel constatar a origem criminosa do ve\u00edculo, que possu\u00eda registro de furto em Bras\u00edlia\/DF, em setembro de 2014.<\/p>\n\n\n\n<p>Quando questionado sobre o ve\u00edculo, o condutor respondeu que havia comprado de um conhecido e que a negocia\u00e7\u00e3o ocorreu no estacionamento de um supermercado na cidade de Teresina\/PI. O homem ainda informou que na negocia\u00e7\u00e3o entregou um ve\u00edculo RENAULT SANDERO que ele possu\u00eda, mais a quantia de R$ 2.000,00 em parcelas mensais de R$500,00.<\/p>\n\n\n\n<p><strong>Fonte: 180 Graus <\/strong><\/p>\n","protected":false},"excerpt":{"rendered":"<p>Policiais Rodovi\u00e1rios Federais recuperaram na manh\u00e3 de hoje (09\/11) um ve\u00edculo que havia sido furtado na capital federal. A a\u00e7\u00e3o foi desencadeada na BR 343 na cidade de Teresina\/PI, quando os policiais deram ordem de parada ao condutor do ve\u00edculo FIAT\/UNO VIVACE, um homem de 49 anos. Durante a abordagem, o condutor apresentou o documento [&hellip;]<\/p>\n","protected":false},"author":1,"featured_media":40605,"comment_status":"open","ping_status":"open","sticky":false,"template":"","format":"standard","meta":{"beyondwords_generate_audio":"","beyondwords_project_id":"","beyondwords_podcast_id":"","beyondwords_hash":"","beyondwords_error_message":"","beyondwords_disabled":"","publish_post_to_speechkit":"","speechkit_generate_audio":"","speechkit_project_id":"","speechkit_podcast_id":"","speechkit_hash":"","speechkit_error_message":"","speechkit_disabled":"","speechkit_access_key":"","speechkit_error":"","speechkit_info":"","speechkit_response":"","speechkit_retries":"","_speechkit_link":"","_speechkit_text":""},"categories":[134,51,78,81],"tags":[10982,62,10702,5973,72,46,4205,168,103,52,104,169],"jetpack_featured_media_url":"","_links":{"self":[{"href":"https:\/\/pinews.com.br\/index.php\/wp-json\/wp\/v2\/posts\/40604"}],"collection":[{"href":"https:\/\/pinews.com.br\/index.php\/wp-json\/wp\/v2\/posts"}],"about":[{"href":"https:\/\/pinews.com.br\/index.php\/wp-json\/wp\/v2\/types\/post"}],"author":[{"embeddable":true,"href":"https:\/\/pinews.com.br\/index.php\/wp-json\/wp\/v2\/users\/1"}],"replies":[{"embeddable":true,"href":"https:\/\/pinews.com.br\/index.php\/wp-json\/wp\/v2\/comments?post=40604"}],"version-history":[{"count":0,"href":"https:\/\/pinews.com.br\/index.php\/wp-json\/wp\/v2\/posts\/40604\/revisions"}],"wp:featuredmedia":[{"embeddable":true,"href":"https:\/\/pinews.com.br\/index.php\/wp-json\/"}],"wp:attachment":[{"href":"https:\/\/pinews.com.br\/index.php\/wp-json\/wp\/v2\/media?parent=40604"}],"wp:term":[{"taxonomy":"category","embeddable":true,"href":"https:\/\/pinews.com.br\/index.php\/wp-json\/wp\/v2\/categories?post=40604"},{"taxonomy":"post_tag","embeddable":true,"href":"https:\/\/pinews.com.br\/index.php\/wp-json\/wp\/v2\/tags?post=40604"}],"curies":[{"name":"wp","href":"https:\/\/api.w.org\/{rel}","templated":true}]}}