{"id":40687,"date":"2022-11-12T21:24:43","date_gmt":"2022-11-13T00:24:43","guid":{"rendered":"https:\/\/pinews.com.br\/?p=40687"},"modified":"2022-11-12T21:24:43","modified_gmt":"2022-11-13T00:24:43","slug":"policial-civil-que-estava-desaparecido-e-encontrado-morto-em-estacionamento-do-iml-no-piaui","status":"publish","type":"post","link":"https:\/\/pinews.com.br\/index.php\/2022\/11\/12\/policial-civil-que-estava-desaparecido-e-encontrado-morto-em-estacionamento-do-iml-no-piaui\/","title":{"rendered":"Policial civil que estava desaparecido \u00e9 encontrado morto em estacionamento do IML no Piau\u00ed"},"content":{"rendered":"\n<p>O policial civil do Maranh\u00e3o R\u00f4mulo Lima Santiago, que estava desaparecido desde a \u00faltima quinta-feira (10), foi encontrado morto dentro do seu carro no final da tarde deste s\u00e1bado (12). O ve\u00edculo estava no estacionamento de funcion\u00e1rios do Instituto de Medicina Legal (IML) de Teresina. <\/p>\n\n\n\n<p>Funcion\u00e1rios do IML disseram ao Cidadeverde.com n\u00e3o saber h\u00e1 quantos dias o autom\u00f3vel estava no local e que s\u00f3 se deram conta do mesmo ap\u00f3s sentirem um mau cheiro vindo da \u00e1rea do estacionamento. Ao perceberem que a placa do ve\u00edculo era a mesma de R\u00f4mulo, acionaram os amigos do policial.<\/p>\n\n\n\n<p>A \u00e1rea foi isolada at\u00e9 a chegada da per\u00edcia, que vai investigar as causas da morte, mas familiares conseguiram reconhecer o corpo de R\u00f4mulo atrav\u00e9s do vidro do ve\u00edculo. O policial civil deixa esposa e um filho de seis anos de idade.&nbsp;<\/p>\n\n\n\n<p>R\u00f4mulo Lima Santiago trabalhava na delegacia do munic\u00edpio de Vitorino Freire, a 334 km da capital piauiense, mas havia se&nbsp; afastado das atividades h\u00e1 alguns dias por conta de uma licen\u00e7a m\u00e9dica.<\/p>\n\n\n\n<p><strong>Fonte: Breno Moreno\/ Cidade Verde <\/strong><\/p>\n","protected":false},"excerpt":{"rendered":"<p>O policial civil do Maranh\u00e3o R\u00f4mulo Lima Santiago, que estava desaparecido desde a \u00faltima quinta-feira (10), foi encontrado morto dentro do seu carro no final da tarde deste s\u00e1bado (12). O ve\u00edculo estava no estacionamento de funcion\u00e1rios do Instituto de Medicina Legal (IML) de Teresina. Funcion\u00e1rios do IML disseram ao Cidadeverde.com n\u00e3o saber h\u00e1 quantos [&hellip;]<\/p>\n","protected":false},"author":1,"featured_media":40688,"comment_status":"open","ping_status":"open","sticky":false,"template":"","format":"standard","meta":{"beyondwords_generate_audio":"","beyondwords_project_id":"","beyondwords_podcast_id":"","beyondwords_hash":"","beyondwords_error_message":"","beyondwords_disabled":"","publish_post_to_speechkit":"","speechkit_generate_audio":"","speechkit_project_id":"","speechkit_podcast_id":"","speechkit_hash":"","speechkit_error_message":"","speechkit_disabled":"","speechkit_access_key":"","speechkit_error":"","speechkit_info":"","speechkit_response":"","speechkit_retries":"","_speechkit_link":"","_speechkit_text":""},"categories":[51,78,81],"tags":[936,199,72,46,200,4205,201,5658,197,52,613],"jetpack_featured_media_url":"","_links":{"self":[{"href":"https:\/\/pinews.com.br\/index.php\/wp-json\/wp\/v2\/posts\/40687"}],"collection":[{"href":"https:\/\/pinews.com.br\/index.php\/wp-json\/wp\/v2\/posts"}],"about":[{"href":"https:\/\/pinews.com.br\/index.php\/wp-json\/wp\/v2\/types\/post"}],"author":[{"embeddable":true,"href":"https:\/\/pinews.com.br\/index.php\/wp-json\/wp\/v2\/users\/1"}],"replies":[{"embeddable":true,"href":"https:\/\/pinews.com.br\/index.php\/wp-json\/wp\/v2\/comments?post=40687"}],"version-history":[{"count":0,"href":"https:\/\/pinews.com.br\/index.php\/wp-json\/wp\/v2\/posts\/40687\/revisions"}],"wp:featuredmedia":[{"embeddable":true,"href":"https:\/\/pinews.com.br\/index.php\/wp-json\/"}],"wp:attachment":[{"href":"https:\/\/pinews.com.br\/index.php\/wp-json\/wp\/v2\/media?parent=40687"}],"wp:term":[{"taxonomy":"category","embeddable":true,"href":"https:\/\/pinews.com.br\/index.php\/wp-json\/wp\/v2\/categories?post=40687"},{"taxonomy":"post_tag","embeddable":true,"href":"https:\/\/pinews.com.br\/index.php\/wp-json\/wp\/v2\/tags?post=40687"}],"curies":[{"name":"wp","href":"https:\/\/api.w.org\/{rel}","templated":true}]}}