{"id":40713,"date":"2022-11-13T21:00:51","date_gmt":"2022-11-14T00:00:51","guid":{"rendered":"https:\/\/pinews.com.br\/?p=40713"},"modified":"2022-11-13T21:00:51","modified_gmt":"2022-11-14T00:00:51","slug":"homem-e-perseguido-e-executado-no-piaui","status":"publish","type":"post","link":"https:\/\/pinews.com.br\/index.php\/2022\/11\/13\/homem-e-perseguido-e-executado-no-piaui\/","title":{"rendered":"Homem \u00e9 perseguido e executado no Piau\u00ed"},"content":{"rendered":"\n<p>Por volta das 18h20 deste domingo (13\/11), um homem identificado apenas como Erivan foi perseguido e executado na avenida Santa Teresina, Vila Meio Norte, Zona Leste de Teresina. Moradores da localidade informaram que ouviram cerca de 12 tiros. Erivan pilotava uma motocicleta Pop, cor branca e placa PTO \u2013 8764, quando foi abordado.<\/p>\n\n\n\n<p>Ao ser alvejado, ele n\u00e3o resistiu aos ferimentos e morreu no local. Guarni\u00e7\u00f5es do 5\u00b0 Batalh\u00e3o de Pol\u00edcia Militar isolaram o local e acionaram a Pol\u00edcia T\u00e9cnico Cient\u00edfica para periciar a cena do crime.<\/p>\n\n\n\n<figure class=\"wp-block-image size-full\"><img decoding=\"async\" src=\"https:\/\/pinews.com.br\/wp-content\/uploads\/2022\/11\/captura-de-tela-2022-11-13-195447_8077515297571324529-1.png\" alt=\"\" class=\"wp-image-40714\"\/><figcaption>Foto: Reprodu\u00e7\u00e3o<\/figcaption><\/figure>\n\n\n\n<p>Os suspeitos n\u00e3o foram identificados nem presos at\u00e9 o momento. O corpo ser\u00e1 removido para a sede do Instituto M\u00e9dico Legal (IML).<\/p>\n\n\n\n<p>Os atiradores andavam em um carro. Esse crime pode ter rela\u00e7\u00e3o com a morte de um homem identificado como Jo\u00e3o Vitor, baleado dias atr\u00e1s em frente ao p\u00e1tio do VIP Leil\u00f5es, naquela regi\u00e3o. Ele faleceu hoje devido os ferimentos no Hospital de Urg\u00eancia de Teresina (HUT). Somente a investiga\u00e7\u00e3o feita pelo Departamento de Homic\u00eddios e Prote\u00e7\u00e3o \u00e0 Pessoa (DHPP) \u00e9 que vai confirmar ou n\u00e3o.<\/p>\n\n\n\n<p><strong>Fonte: 180 Graus <\/strong><\/p>\n","protected":false},"excerpt":{"rendered":"<p>Por volta das 18h20 deste domingo (13\/11), um homem identificado apenas como Erivan foi perseguido e executado na avenida Santa Teresina, Vila Meio Norte, Zona Leste de Teresina. Moradores da localidade informaram que ouviram cerca de 12 tiros. Erivan pilotava uma motocicleta Pop, cor branca e placa PTO \u2013 8764, quando foi abordado. Ao ser [&hellip;]<\/p>\n","protected":false},"author":1,"featured_media":40715,"comment_status":"open","ping_status":"open","sticky":false,"template":"","format":"standard","meta":{"beyondwords_generate_audio":"","beyondwords_project_id":"","beyondwords_podcast_id":"","beyondwords_hash":"","beyondwords_error_message":"","beyondwords_disabled":"","publish_post_to_speechkit":"","speechkit_generate_audio":"","speechkit_project_id":"","speechkit_podcast_id":"","speechkit_hash":"","speechkit_error_message":"","speechkit_disabled":"","speechkit_access_key":"","speechkit_error":"","speechkit_info":"","speechkit_response":"","speechkit_retries":"","_speechkit_link":"","_speechkit_text":""},"categories":[51,78,81],"tags":[72,10987,84,751,52],"jetpack_featured_media_url":"","_links":{"self":[{"href":"https:\/\/pinews.com.br\/index.php\/wp-json\/wp\/v2\/posts\/40713"}],"collection":[{"href":"https:\/\/pinews.com.br\/index.php\/wp-json\/wp\/v2\/posts"}],"about":[{"href":"https:\/\/pinews.com.br\/index.php\/wp-json\/wp\/v2\/types\/post"}],"author":[{"embeddable":true,"href":"https:\/\/pinews.com.br\/index.php\/wp-json\/wp\/v2\/users\/1"}],"replies":[{"embeddable":true,"href":"https:\/\/pinews.com.br\/index.php\/wp-json\/wp\/v2\/comments?post=40713"}],"version-history":[{"count":0,"href":"https:\/\/pinews.com.br\/index.php\/wp-json\/wp\/v2\/posts\/40713\/revisions"}],"wp:featuredmedia":[{"embeddable":true,"href":"https:\/\/pinews.com.br\/index.php\/wp-json\/"}],"wp:attachment":[{"href":"https:\/\/pinews.com.br\/index.php\/wp-json\/wp\/v2\/media?parent=40713"}],"wp:term":[{"taxonomy":"category","embeddable":true,"href":"https:\/\/pinews.com.br\/index.php\/wp-json\/wp\/v2\/categories?post=40713"},{"taxonomy":"post_tag","embeddable":true,"href":"https:\/\/pinews.com.br\/index.php\/wp-json\/wp\/v2\/tags?post=40713"}],"curies":[{"name":"wp","href":"https:\/\/api.w.org\/{rel}","templated":true}]}}