{"id":40762,"date":"2022-11-15T11:41:03","date_gmt":"2022-11-15T14:41:03","guid":{"rendered":"https:\/\/pinews.com.br\/?p=40762"},"modified":"2022-11-15T11:41:03","modified_gmt":"2022-11-15T14:41:03","slug":"jovem-de-19-anos-e-preso-suspeito-de-agredir-varias-vezes-a-propria-mae-no-piaui","status":"publish","type":"post","link":"https:\/\/pinews.com.br\/index.php\/2022\/11\/15\/jovem-de-19-anos-e-preso-suspeito-de-agredir-varias-vezes-a-propria-mae-no-piaui\/","title":{"rendered":"Jovem de 19 anos \u00e9 preso suspeito de agredir v\u00e1rias vezes a pr\u00f3pria m\u00e3e no Piau\u00ed"},"content":{"rendered":"\n<p>Um jovem identificado como R.S.S.M., 19 anos, foi preso na manh\u00e3 dessa segunda-feira (14), na comunidade Embiratanha, zona rural de S\u00e3o Gon\u00e7alo do Piau\u00ed, suspeito de viol\u00eancia dom\u00e9stica e descumprimento de medida protetiva. Ele estava depredando a resid\u00eancia da pr\u00f3pria m\u00e3e e ainda desferindo palavras de baixo cal\u00e3o contra a mesma.<\/p>\n\n\n\n<p>De acordo com informa\u00e7\u00f5es da Pol\u00edcia Militar, a den\u00fancia foi feita pela pr\u00f3pria v\u00edtima, uma mulher de 39 anos, por volta das 8h30. Ela relatou que o seu filho, que \u00e9 usu\u00e1rio de drogas, estava depredando o telhado de sua resid\u00eancia e desferindo palavras de baixo cal\u00e3o contra ela.<\/p>\n\n\n\n<p>De posse da informa\u00e7\u00e3o, os policiais de plant\u00e3o no GPM do munic\u00edpio, foram at\u00e9 o local da ocorr\u00eancia e ao ver a viatura, o suspeito tentou fugir, mas foi capturado em seguida.<\/p>\n\n\n\n<p>Ap\u00f3s ser preso, R.S.S.M. foi conduzido para a Delegacia Regional de Pol\u00edcia Civil de \u00c1gua Branca, onde foi autuado em flagrante pelos crimes de viol\u00eancia dom\u00e9stica e descumprimento de medida protetiva.<\/p>\n\n\n\n<p>Ele j\u00e1 agrediu a m\u00e3e v\u00e1rias vezes em ocasi\u00f5es anteriores, raz\u00e3o pela qual foi concedida a medida protetiva pela justi\u00e7a.<\/p>\n\n\n\n<p><strong>Fonte: 180 Graus\/ Com informa\u00e7\u00f5es do Canal 121<\/strong><\/p>\n","protected":false},"excerpt":{"rendered":"<p>Um jovem identificado como R.S.S.M., 19 anos, foi preso na manh\u00e3 dessa segunda-feira (14), na comunidade Embiratanha, zona rural de S\u00e3o Gon\u00e7alo do Piau\u00ed, suspeito de viol\u00eancia dom\u00e9stica e descumprimento de medida protetiva. Ele estava depredando a resid\u00eancia da pr\u00f3pria m\u00e3e e ainda desferindo palavras de baixo cal\u00e3o contra a mesma. De acordo com informa\u00e7\u00f5es [&hellip;]<\/p>\n","protected":false},"author":1,"featured_media":40763,"comment_status":"open","ping_status":"open","sticky":false,"template":"","format":"standard","meta":{"beyondwords_generate_audio":"","beyondwords_project_id":"","beyondwords_podcast_id":"","beyondwords_hash":"","beyondwords_error_message":"","beyondwords_disabled":"","publish_post_to_speechkit":"","speechkit_generate_audio":"","speechkit_project_id":"","speechkit_podcast_id":"","speechkit_hash":"","speechkit_error_message":"","speechkit_disabled":"","speechkit_access_key":"","speechkit_error":"","speechkit_info":"","speechkit_response":"","speechkit_retries":"","_speechkit_link":"","_speechkit_text":""},"categories":[51,78],"tags":[639,532,82,44,72,266,117,52,79,92,130,6506,5494],"jetpack_featured_media_url":"","_links":{"self":[{"href":"https:\/\/pinews.com.br\/index.php\/wp-json\/wp\/v2\/posts\/40762"}],"collection":[{"href":"https:\/\/pinews.com.br\/index.php\/wp-json\/wp\/v2\/posts"}],"about":[{"href":"https:\/\/pinews.com.br\/index.php\/wp-json\/wp\/v2\/types\/post"}],"author":[{"embeddable":true,"href":"https:\/\/pinews.com.br\/index.php\/wp-json\/wp\/v2\/users\/1"}],"replies":[{"embeddable":true,"href":"https:\/\/pinews.com.br\/index.php\/wp-json\/wp\/v2\/comments?post=40762"}],"version-history":[{"count":0,"href":"https:\/\/pinews.com.br\/index.php\/wp-json\/wp\/v2\/posts\/40762\/revisions"}],"wp:featuredmedia":[{"embeddable":true,"href":"https:\/\/pinews.com.br\/index.php\/wp-json\/"}],"wp:attachment":[{"href":"https:\/\/pinews.com.br\/index.php\/wp-json\/wp\/v2\/media?parent=40762"}],"wp:term":[{"taxonomy":"category","embeddable":true,"href":"https:\/\/pinews.com.br\/index.php\/wp-json\/wp\/v2\/categories?post=40762"},{"taxonomy":"post_tag","embeddable":true,"href":"https:\/\/pinews.com.br\/index.php\/wp-json\/wp\/v2\/tags?post=40762"}],"curies":[{"name":"wp","href":"https:\/\/api.w.org\/{rel}","templated":true}]}}