{"id":40823,"date":"2022-11-18T16:15:00","date_gmt":"2022-11-18T19:15:00","guid":{"rendered":"https:\/\/pinews.com.br\/?p=40823"},"modified":"2022-11-18T16:15:00","modified_gmt":"2022-11-18T19:15:00","slug":"fiscalizacao-resgata-16-trabalhadores-em-situacao-analoga-a-escravidao-em-fazenda-de-soja-no-piaui","status":"publish","type":"post","link":"https:\/\/pinews.com.br\/index.php\/2022\/11\/18\/fiscalizacao-resgata-16-trabalhadores-em-situacao-analoga-a-escravidao-em-fazenda-de-soja-no-piaui\/","title":{"rendered":"Fiscaliza\u00e7\u00e3o resgata 16 trabalhadores em situa\u00e7\u00e3o an\u00e1loga \u00e0 escravid\u00e3o em fazenda de soja no Piau\u00ed"},"content":{"rendered":"\n<p>Um grupo de 16 trabalhadores, entre eles um adolescente de 17 anos, foram resgatados por uma fiscaliza\u00e7\u00e3o do Minist\u00e9rio do Trabalho, com apoio do Minist\u00e9rio P\u00fablico do Trabalho, de uma fazenda de soja onde estavam sendo mantidos em condi\u00e7\u00f5es an\u00e1loga \u00e0 escravid\u00e3o na zona rural de&nbsp;Currais, no Sul do Piau\u00ed.<\/p>\n\n\n\n<p>Segundo o auditor fiscal Robson Waldeck Silva, os trabalhadores estavam h\u00e1 5 meses vivendo em barracas feitas de lona, sem acesso a banheiros e fazendo refei\u00e7\u00f5es ao relento, em fogareiros improvisados no ch\u00e3o.<\/p>\n\n\n\n<p>\u201cA \u00e1gua que eles bebiam era armazenada em um tanque-pipa, exposto ao sol. Eles reclamaram que, al\u00e9m de quente, a \u00e1gua tinha gosto de ferrugem\u201d, comentou o auditor fiscal Robson Waldeck.<\/p>\n\n\n\n<p>Eles trabalhavam sem carteira assinada e sem nenhum equipamento de prote\u00e7\u00e3o individual na extra\u00e7\u00e3o de ra\u00edzes em terrenos que estavam sendo preparados para o plantio de soja. Os \u00fanicos equipamentos que tinham eram de propriedade deles.<\/p>\n\n\n\n<p>O resgate aconteceu no dia 9 de novembro, e nesta quinta-feira (17), os trabalhadores receberam as verbas rescis\u00f3rias que eram devidas e guias de seguro desemprego.<\/p>\n\n\n\n<figure class=\"wp-block-image is-resized\"><img decoding=\"async\" loading=\"lazy\" src=\"https:\/\/s2.glbimg.com\/DMoqncaGrytBTjW9iKlm0G9v1bY=\/0x0:960x954\/984x0\/smart\/filters:strip_icc()\/i.s3.glbimg.com\/v1\/AUTH_59edd422c0c84a879bd37670ae4f538a\/internal_photos\/bs\/2022\/P\/b\/e4XvCYTYaFEd5SoAIhOw\/whatsapp-image-2022-11-18-at-09.28.23-1-.jpeg\" alt=\"Fiscaliza\u00e7\u00e3o resgata 16 trabalhadores ap\u00f3s cinco meses vivendo em situa\u00e7\u00e3o an\u00e1loga \u00e0 escravid\u00e3o em fazenda de soja no Sul do Piau\u00ed \u2014 Foto: Divulga\u00e7\u00e3o\" width=\"377\" height=\"374\"\/><figcaption>Fiscaliza\u00e7\u00e3o resgata 16 trabalhadores ap\u00f3s cinco meses vivendo em situa\u00e7\u00e3o an\u00e1loga \u00e0 escravid\u00e3o em fazenda de soja no Sul do Piau\u00ed \u2014 Foto: Divulga\u00e7\u00e3o<\/figcaption><\/figure>\n\n\n\n<p>Os trabalhadores eram moradores de cidades no entorno de Currais. Depois do resgate, eles foram encaminhados a um Centro de Refer\u00eancia de Assist\u00eancia Social (CRAS) da regi\u00e3o.<\/p>\n\n\n\n<p>Um auto de infra\u00e7\u00e3o espec\u00edfico sobre a situa\u00e7\u00e3o do adolescente que foi encontrado entre os trabalhadores foi realizado. Ele tamb\u00e9m recebeu as verbas rescis\u00f3rias, como os demais trabalhadores.<\/p>\n\n\n\n<figure class=\"wp-block-image\"><img decoding=\"async\" src=\"https:\/\/s2.glbimg.com\/73mBzbbEd6QONzIDIsu93zL7EXY=\/0x0:1280x960\/984x0\/smart\/filters:strip_icc()\/i.s3.glbimg.com\/v1\/AUTH_59edd422c0c84a879bd37670ae4f538a\/internal_photos\/bs\/2022\/G\/R\/BoA6LZTsCOKUrRhSxpRw\/whatsapp-image-2022-11-18-at-09.28.23.jpeg\" alt=\"Fiscaliza\u00e7\u00e3o resgata 16 trabalhadores ap\u00f3s cinco meses vivendo em situa\u00e7\u00e3o an\u00e1loga \u00e0 escravid\u00e3o em fazenda de soja no Sul do Piau\u00ed \u2014 Foto: Divulga\u00e7\u00e3o\"\/><figcaption>Fiscaliza\u00e7\u00e3o resgata 16 trabalhadores ap\u00f3s cinco meses vivendo em situa\u00e7\u00e3o an\u00e1loga \u00e0 escravid\u00e3o em fazenda de soja no Sul do Piau\u00ed \u2014 Foto: Divulga\u00e7\u00e3o<\/figcaption><\/figure>\n\n\n\n<p>A fazenda onde acontecia a situa\u00e7\u00e3o foi multada.&nbsp;As demais provid\u00eancias jur\u00eddicas sobre a situa\u00e7\u00e3o ser\u00e3o tomadas pelo Minist\u00e9rio P\u00fablico do Trabalho, que acompanhou a fiscaliza\u00e7\u00e3o, atrav\u00e9s do procurador Vin\u00edcios Lantyer Oliveira, da procuradoria do trabalho em&nbsp;Bom Jesus.<\/p>\n\n\n\n<p><strong>Fonte: G1 PI <\/strong><\/p>\n","protected":false},"excerpt":{"rendered":"<p>Um grupo de 16 trabalhadores, entre eles um adolescente de 17 anos, foram resgatados por uma fiscaliza\u00e7\u00e3o do Minist\u00e9rio do Trabalho, com apoio do Minist\u00e9rio P\u00fablico do Trabalho, de uma fazenda de soja onde estavam sendo mantidos em condi\u00e7\u00f5es an\u00e1loga \u00e0 escravid\u00e3o na zona rural de&nbsp;Currais, no Sul do Piau\u00ed. Segundo o auditor fiscal Robson [&hellip;]<\/p>\n","protected":false},"author":1,"featured_media":40824,"comment_status":"open","ping_status":"open","sticky":false,"template":"","format":"standard","meta":{"beyondwords_generate_audio":"","beyondwords_project_id":"","beyondwords_podcast_id":"","beyondwords_hash":"","beyondwords_error_message":"","beyondwords_disabled":"","publish_post_to_speechkit":"","speechkit_generate_audio":"","speechkit_project_id":"","speechkit_podcast_id":"","speechkit_hash":"","speechkit_error_message":"","speechkit_disabled":"","speechkit_access_key":"","speechkit_error":"","speechkit_info":"","speechkit_response":"","speechkit_retries":"","_speechkit_link":"","_speechkit_text":""},"categories":[51,78],"tags":[175,794,795,44,46,796,374,1131,52,798,799,2671,1133],"jetpack_featured_media_url":"","_links":{"self":[{"href":"https:\/\/pinews.com.br\/index.php\/wp-json\/wp\/v2\/posts\/40823"}],"collection":[{"href":"https:\/\/pinews.com.br\/index.php\/wp-json\/wp\/v2\/posts"}],"about":[{"href":"https:\/\/pinews.com.br\/index.php\/wp-json\/wp\/v2\/types\/post"}],"author":[{"embeddable":true,"href":"https:\/\/pinews.com.br\/index.php\/wp-json\/wp\/v2\/users\/1"}],"replies":[{"embeddable":true,"href":"https:\/\/pinews.com.br\/index.php\/wp-json\/wp\/v2\/comments?post=40823"}],"version-history":[{"count":0,"href":"https:\/\/pinews.com.br\/index.php\/wp-json\/wp\/v2\/posts\/40823\/revisions"}],"wp:featuredmedia":[{"embeddable":true,"href":"https:\/\/pinews.com.br\/index.php\/wp-json\/"}],"wp:attachment":[{"href":"https:\/\/pinews.com.br\/index.php\/wp-json\/wp\/v2\/media?parent=40823"}],"wp:term":[{"taxonomy":"category","embeddable":true,"href":"https:\/\/pinews.com.br\/index.php\/wp-json\/wp\/v2\/categories?post=40823"},{"taxonomy":"post_tag","embeddable":true,"href":"https:\/\/pinews.com.br\/index.php\/wp-json\/wp\/v2\/tags?post=40823"}],"curies":[{"name":"wp","href":"https:\/\/api.w.org\/{rel}","templated":true}]}}