{"id":40906,"date":"2022-11-25T17:45:16","date_gmt":"2022-11-25T20:45:16","guid":{"rendered":"https:\/\/pinews.com.br\/?p=40906"},"modified":"2023-05-15T23:07:58","modified_gmt":"2023-05-16T02:07:58","slug":"copa-do-catar-neymar-e-danilo-estao-fora-do-jogo-contra-a-suica","status":"publish","type":"post","link":"https:\/\/pinews.com.br\/index.php\/2022\/11\/25\/copa-do-catar-neymar-e-danilo-estao-fora-do-jogo-contra-a-suica\/","title":{"rendered":"Copa do Catar: Neymar e Danilo est\u00e3o fora do jogo contra a Su\u00ed\u00e7a"},"content":{"rendered":"\n<p>Horas ap\u00f3s o atacante Neymar e o lateral Danilo realizarem exames de resson\u00e2ncia magn\u00e9tica em um hospital de Doha, nesta sexta-feira (25), o m\u00e9dico da sele\u00e7\u00e3o brasileira, Rodrigo Lasmar, anunciou que os jogadores est\u00e3o fora do segundo compromisso do Brasil na Copa do Catar, na pr\u00f3xima segunda-feira (28) contra a Su\u00ed\u00e7a.<img decoding=\"async\" src=\"https:\/\/agenciabrasil.ebc.com.br\/ebc.png?id=1495454&amp;o=node\"><img decoding=\"async\" src=\"https:\/\/agenciabrasil.ebc.com.br\/ebc.gif?id=1495454&amp;o=node\"><\/p>\n\n\n\n<p>\u201cOs exames mostram uma les\u00e3o ligamentar lateral no tornozelo direito do Neymar, junto com um pequeno edema \u00f3sseo, e uma les\u00e3o ligamentar medial no tornozelo esquerdo do Danilo [\u2026]. J\u00e1 podemos adiantar que n\u00e3o teremos os dois jogadores para o nosso pr\u00f3ximo jogo, mas eles permanecem em tratamento com no objetivo de tentar recuper\u00e1-los a tempo para essa competi\u00e7\u00e3o\u201d, declarou Lasmar em v\u00eddeo divulgado pela CBF.<\/p>\n\n\n\n<p>Neymar sofreu, na \u00faltima quinta-feira (24), uma entorse no tornozelo direito durante o primeiro compromisso do Brasil pelo Grupo G do Mundial. Na mesma partida o lateral Danilo sofreu uma entorse no tornozelo esquerdo.<\/p>\n\n\n\n<p><strong>Fonte: Ag\u00eancia Brasil <\/strong><\/p>\n","protected":false},"excerpt":{"rendered":"<p>Horas ap\u00f3s o atacante Neymar e o lateral Danilo realizarem exames de resson\u00e2ncia magn\u00e9tica em um hospital de Doha, nesta sexta-feira (25), o m\u00e9dico da sele\u00e7\u00e3o brasileira, Rodrigo Lasmar, anunciou que os jogadores est\u00e3o fora do segundo compromisso do Brasil na Copa do Catar, na pr\u00f3xima segunda-feira (28) contra a Su\u00ed\u00e7a. \u201cOs exames mostram uma [&hellip;]<\/p>\n","protected":false},"author":1,"featured_media":48136,"comment_status":"open","ping_status":"open","sticky":false,"template":"","format":"standard","meta":{"beyondwords_generate_audio":"","beyondwords_project_id":"","beyondwords_podcast_id":"","beyondwords_hash":"","beyondwords_error_message":"","beyondwords_disabled":"","publish_post_to_speechkit":"","speechkit_generate_audio":"","speechkit_project_id":"","speechkit_podcast_id":"","speechkit_hash":"","speechkit_error_message":"","speechkit_disabled":"","speechkit_access_key":"","speechkit_error":"","speechkit_info":"","speechkit_response":"","speechkit_retries":"","_speechkit_link":"","_speechkit_text":""},"categories":[1189,134],"tags":[10053,294,8453,11001,5609,5788,1669,11002,10217],"jetpack_featured_media_url":"https:\/\/pinews.com.br\/wp-content\/uploads\/2022\/11\/2022-11-24t204915z_1547089892_up1eibo1lu1x8_rtrmadp_3_soccer-worldcup-bra-srb-report-696x416-1.jpg","_links":{"self":[{"href":"https:\/\/pinews.com.br\/index.php\/wp-json\/wp\/v2\/posts\/40906"}],"collection":[{"href":"https:\/\/pinews.com.br\/index.php\/wp-json\/wp\/v2\/posts"}],"about":[{"href":"https:\/\/pinews.com.br\/index.php\/wp-json\/wp\/v2\/types\/post"}],"author":[{"embeddable":true,"href":"https:\/\/pinews.com.br\/index.php\/wp-json\/wp\/v2\/users\/1"}],"replies":[{"embeddable":true,"href":"https:\/\/pinews.com.br\/index.php\/wp-json\/wp\/v2\/comments?post=40906"}],"version-history":[{"count":1,"href":"https:\/\/pinews.com.br\/index.php\/wp-json\/wp\/v2\/posts\/40906\/revisions"}],"predecessor-version":[{"id":48137,"href":"https:\/\/pinews.com.br\/index.php\/wp-json\/wp\/v2\/posts\/40906\/revisions\/48137"}],"wp:featuredmedia":[{"embeddable":true,"href":"https:\/\/pinews.com.br\/index.php\/wp-json\/wp\/v2\/media\/48136"}],"wp:attachment":[{"href":"https:\/\/pinews.com.br\/index.php\/wp-json\/wp\/v2\/media?parent=40906"}],"wp:term":[{"taxonomy":"category","embeddable":true,"href":"https:\/\/pinews.com.br\/index.php\/wp-json\/wp\/v2\/categories?post=40906"},{"taxonomy":"post_tag","embeddable":true,"href":"https:\/\/pinews.com.br\/index.php\/wp-json\/wp\/v2\/tags?post=40906"}],"curies":[{"name":"wp","href":"https:\/\/api.w.org\/{rel}","templated":true}]}}